{"id":894,"date":"2006-09-20T15:12:25","date_gmt":"2006-09-20T15:12:25","guid":{"rendered":"http:\/\/www.comevedonoidaltonici.com\/wordpress\/?p=894"},"modified":"2006-09-20T15:12:25","modified_gmt":"2006-09-20T15:12:25","slug":"primarie-le-verita-scomode-di-un-vecchio-prete","status":"publish","type":"post","link":"https:\/\/www.olinews.it\/mt\/?p=894","title":{"rendered":"<em>Primarie <\/em>&#8211; Le verit\u00e0 scomode di un vecchio prete"},"content":{"rendered":"<p>Proviamo a fare il punto. A seguire una traccia. A raccogliere i pezzi di suggestioni politiche per capire cosa potranno generare. Certi che sar\u00e0 difficile venirne a capo scriviamo le tappe di un sentiero nel quale poter trovare i perch\u00e9.<\/p>\n<p><!--more--><br \/>\nAutunno 2005. La sinistra unita in tutti i suoi colori propone le primarie ai suoi elettori.<br \/>\nProdi, Bertinotti, Scalfarotto e l&#8217;ala pi\u00f9 radicale si candidano. Viene presentato da ognuno di loro un programma. Quattro milioni di italiani vanno a votare. Una percentuale minima \u00e8 iscritta ai partiti. E&#8217; la gente che si muove. Forse la paura di Berlusconi spinge a mettersi in coda. Il senso del miracolo galvanizza chi fa politica. Vince Prodi ed \u00e8 campagna elettorale.<br \/>\nA Genova Zara, eletto in parlamento nel 2004, viene, per alchimie di partito, messo da parte. L&#8217;ex deputato si mette a disposizione di chi, ancora una volta, decider\u00e0 per lui. Poco dopo in citt\u00e0, prende corpo, grazie al sindaco Pericu, l&#8217;idea che il nuovo partito democratico diventi realt\u00e0. Spirito unitario a Palazzo San Giorgio in maggio, ancora cittadini ed apparato sostengono, appoggiano, mobilitano, con l&#8217;auspicio di contribuire alla realizzazione di un sogno. C&#8217;\u00e8 in questa mobilitazione l&#8217;ingenuit\u00e0 generata da una politica dettata dal cuore. E&#8217; un&#8217;ingenuit\u00e0 che, nei fatti, rimuove quello che \u00e8 accaduto a Zara e a Sansa prima di lui.<br \/>\nMarta Vincenzi, donna concreta, ricorda ai cittadini le elezioni del sindaco nel 2007, si propone in aprile come possibile candidato alle primarie. Di lei il lettore ha percepito l&#8217;isolamento: Assessorato all&#8217;Area Vasta prima e Parlamento Europeo dopo disegnano una risorsa che \u00e8 bene operi fuori dai confini genovesi. Perch\u00e9? Bello sarebbe conoscerne le ragioni. Cosa ha fatto di male? A chi?<br \/>\nMargini &#8220;superassessore&#8221; viene proposto dall&#8217;apparato. Grande esperienza, dicono di lui. L&#8217;uomo giusto.<br \/>\nA far sfondo al dibattito veniva segnalata per un anno intero l&#8217;assenza dei giovani nella politica genovese. &#8220;Se ci siete battete un colpo!&#8221;, pareva dire il Lavoro &#8211; Repubblica. E loro a rispondere: &#8220;Ci siamo! Ma non ci lasciano emergere!&#8221; Dibattito arricchito da un&#8217;ulteriore chiosa sulla mancanza delle donne. &#8220;Ci siamo anche noi!&#8221; rispondevano loro, &#8220;Ma ci mettono da parte&#8221;<br \/>\nGli stessi ds, promotori del grande partito democratico, battono i pugni rivendicando con tenacia la poltrona a sindaco di Genova per un loro iscritto. E siamo a settembre. E&#8217; il delirio.<br \/>\nChe storia \u00e8 stata scritta? Le ragioni? E&#8217; mai possibile che la lucidit\u00e0, l&#8217;onest\u00e0 intellettuale, la percezione della realt\u00e0 abitino solo un anziano prete come don Balletto che denuncia il peso delle lobbies? Otto mesi alle elezioni. E la gente? In coda.<br \/>\n<em>(Giulia Parodi)<\/em><\/p>\n","protected":false},"excerpt":{"rendered":"<p>Proviamo a fare il punto. A seguire una traccia. A raccogliere i pezzi di suggestioni politiche per capire cosa potranno generare. Certi che sar\u00e0 difficile venirne a capo scriviamo le tappe di un sentiero nel quale poter trovare i perch\u00e9.<\/p>\n","protected":false},"author":1,"featured_media":0,"comment_status":"closed","ping_status":"closed","sticky":false,"template":"","format":"standard","meta":{"footnotes":""},"categories":[115,10],"tags":[],"class_list":["post-894","post","type-post","status-publish","format-standard","hentry","category-115","category-politica"],"_links":{"self":[{"href":"https:\/\/www.olinews.it\/mt\/index.php?rest_route=\/wp\/v2\/posts\/894","targetHints":{"allow":["GET"]}}],"collection":[{"href":"https:\/\/www.olinews.it\/mt\/index.php?rest_route=\/wp\/v2\/posts"}],"about":[{"href":"https:\/\/www.olinews.it\/mt\/index.php?rest_route=\/wp\/v2\/types\/post"}],"author":[{"embeddable":true,"href":"https:\/\/www.olinews.it\/mt\/index.php?rest_route=\/wp\/v2\/users\/1"}],"replies":[{"embeddable":true,"href":"https:\/\/www.olinews.it\/mt\/index.php?rest_route=%2Fwp%2Fv2%2Fcomments&post=894"}],"version-history":[{"count":0,"href":"https:\/\/www.olinews.it\/mt\/index.php?rest_route=\/wp\/v2\/posts\/894\/revisions"}],"wp:attachment":[{"href":"https:\/\/www.olinews.it\/mt\/index.php?rest_route=%2Fwp%2Fv2%2Fmedia&parent=894"}],"wp:term":[{"taxonomy":"category","embeddable":true,"href":"https:\/\/www.olinews.it\/mt\/index.php?rest_route=%2Fwp%2Fv2%2Fcategories&post=894"},{"taxonomy":"post_tag","embeddable":true,"href":"https:\/\/www.olinews.it\/mt\/index.php?rest_route=%2Fwp%2Fv2%2Ftags&post=894"}],"curies":[{"name":"wp","href":"https:\/\/api.w.org\/{rel}","templated":true}]}}