{"id":903,"date":"2006-09-27T07:41:04","date_gmt":"2006-09-27T07:41:04","guid":{"rendered":"http:\/\/www.comevedonoidaltonici.com\/wordpress\/?p=903"},"modified":"2006-09-27T07:41:04","modified_gmt":"2006-09-27T07:41:04","slug":"ambiente-lestate-e-finita-i-coliformi-no","status":"publish","type":"post","link":"https:\/\/www.olinews.it\/mt\/?p=903","title":{"rendered":"<em>Ambiente <\/em>&#8211; L&#8217;estate \u00e8 finita, i coliformi no"},"content":{"rendered":"<p>Secolo XIX del 12 settembre &#8220;Troppi coliformi. A Quinto scatta lo stop alla balneazione&#8221;. Stesso copione degli ultimi mesi. L&#8217;Arpal preleva i campioni d&#8217;acqua di mare e &#8211; ma che sorpresa! &#8211; ci trova dentra una concentrazione di coliformi &#8220;ben superiore alla norma&#8221;. Il sindaco con una ordinanza blocca la balneazione della zona. Sotto processo il depuratore (?) di Quinto di cui 10 giorni prima gli assessori competenti ai servizi tecnici e alla riqualificazione del Levante avevano annunciato la modernizzazione. I &#8220;coliformi&#8221; in questione saranno scaricati 300 metri pi\u00f9 al largo dove &#8211; si dice &#8211; l&#8217;acqua marina non supera i 18\u00b0: dovrebbero cos\u00ec essere eliminate le note sgradevoli conseguenze (residui di m. galleggianti, &#8220;alga tossica&#8221; ecc.).<\/p>\n<p><!--more--><br \/>\n<br \/>Solo tra un po&#8217; di mesi conosceremo l&#8217;esito dell&#8217;intervento L&#8217;estate \u00e8 ormai finita e di alghe e coliformi se ne torner\u00e0 a parlare l&#8217;anno prossimo. Eppure c&#8217;\u00e8 qualcosa su cui bisognerebbe riflettere. E&#8217; il condensato di omissioni, sciocchezze e specialmente bugie con cui, a partire dalla primavera scorsa, i genovesi sono stati frastornati e irrisi dalla macchina politica e burocratica responsabile della salute del mare e disinformati da quella, compiacente, dei quotidiani.<br \/>\n<br \/>Se ne pu\u00f2 trovare un saggio su <a href=\"http:\/\/www.olinews.it\/mt\/archives\/2006\/09\/ambiente_-_lest.html\">www.olinews.it\/mt\/archives\/2006\/09\/ambiente_-_lest.html<\/a><br \/>\n<em>(Manlio Calegari)<\/em><\/p>\n","protected":false},"excerpt":{"rendered":"<p>Secolo XIX del 12 settembre &#8220;Troppi coliformi. A Quinto scatta lo stop alla balneazione&#8221;. Stesso copione degli ultimi mesi. L&#8217;Arpal preleva i campioni d&#8217;acqua di mare e &#8211; ma che sorpresa! &#8211; ci trova dentra una concentrazione di coliformi &#8220;ben superiore alla norma&#8221;. Il sindaco con una ordinanza blocca la balneazione della zona. Sotto processo [&hellip;]<\/p>\n","protected":false},"author":1,"featured_media":0,"comment_status":"closed","ping_status":"closed","sticky":false,"template":"","format":"standard","meta":{"footnotes":""},"categories":[116,22],"tags":[],"class_list":["post-903","post","type-post","status-publish","format-standard","hentry","category-116","category-ambiente"],"_links":{"self":[{"href":"https:\/\/www.olinews.it\/mt\/index.php?rest_route=\/wp\/v2\/posts\/903","targetHints":{"allow":["GET"]}}],"collection":[{"href":"https:\/\/www.olinews.it\/mt\/index.php?rest_route=\/wp\/v2\/posts"}],"about":[{"href":"https:\/\/www.olinews.it\/mt\/index.php?rest_route=\/wp\/v2\/types\/post"}],"author":[{"embeddable":true,"href":"https:\/\/www.olinews.it\/mt\/index.php?rest_route=\/wp\/v2\/users\/1"}],"replies":[{"embeddable":true,"href":"https:\/\/www.olinews.it\/mt\/index.php?rest_route=%2Fwp%2Fv2%2Fcomments&post=903"}],"version-history":[{"count":0,"href":"https:\/\/www.olinews.it\/mt\/index.php?rest_route=\/wp\/v2\/posts\/903\/revisions"}],"wp:attachment":[{"href":"https:\/\/www.olinews.it\/mt\/index.php?rest_route=%2Fwp%2Fv2%2Fmedia&parent=903"}],"wp:term":[{"taxonomy":"category","embeddable":true,"href":"https:\/\/www.olinews.it\/mt\/index.php?rest_route=%2Fwp%2Fv2%2Fcategories&post=903"},{"taxonomy":"post_tag","embeddable":true,"href":"https:\/\/www.olinews.it\/mt\/index.php?rest_route=%2Fwp%2Fv2%2Ftags&post=903"}],"curies":[{"name":"wp","href":"https:\/\/api.w.org\/{rel}","templated":true}]}}