{"id":907,"date":"2006-09-27T07:52:43","date_gmt":"2006-09-27T07:52:43","guid":{"rendered":"http:\/\/www.comevedonoidaltonici.com\/wordpress\/?p=907"},"modified":"2006-09-27T07:52:43","modified_gmt":"2006-09-27T07:52:43","slug":"maria-e-serena-dimenticata-la-carta-dei-diritti-dei-bambini","status":"publish","type":"post","link":"https:\/\/www.olinews.it\/mt\/?p=907","title":{"rendered":"<em>Maria e Serena <\/em>&#8211; Dimenticata la carta dei diritti dei bambini"},"content":{"rendered":"<p>Come parlare di Maria, bambina contesa tra Bielorussia e Cogoleto? Utilizzando le leggi internazionali? Partendo dalle ambasciate? Dai suoi &#8220;genitori&#8221;? Dai suoi disegni? Guardando il video, nel quale &#8211; ci dicono &#8211; appare serena, ostaggio esclusivamente del suo desiderio di vivere con la famiglia che ha scelto e che \u00e8 disposta a tutto per trattenerla in Italia? O forse \u00e8 meglio partire dalle migliaia di bambini che lasciano la Bielorussia per brevi o lunghe vacanze e che rischiano di veder cancellata, per vendetta, un&#8217;occasione che aspettano tutto l&#8217;anno?<\/p>\n<p><!--more--><br \/>\nIn questa vicenda ragione e cuore non combaciano e tutti sappiamo &#8211; fingendo di non saperlo &#8211; che se Maria verr\u00e0 restituita, nulla, ma proprio nulla si potr\u00e0 fare per lei.<br \/>\nUna bambina caparbia mette a soqquadro rapporti internazionali delicati, semplicemente rivendicando i suoi diritti. Esiste una carta che i bambini hanno contribuito a riscrivere (1989 Convenzione sui diritti dell&#8217;infanzia Onu) per renderla comprensibile ai loro coetanei. A Genova \u00e8 stata accessibile in molte scuole. Maria, che la conosce per istinto, la sta utilizzando: Articolo 12: &#8220;Quando degli adulti prendono una decisione che ti riguarda in qualsiasi maniera, hai diritto di esprimere la tua opinione e gli adulti devono prenderti sul serio&#8221;; articolo 19: &#8220;Nessuno dovrebbe farti del male in nessun modo. Gli adulti dovrebbero assicurasi che tu sia protetto da abusi, violenze, negligenze. Nemmeno i tuoi genitori hanno il diritto i farti del male&#8221;; articolo 21: &#8220;Se devi essere adottato, gli adulti dovrebbero assicurarsi che vengano scelte le soluzioni pi\u00f9 vantaggiose per te&#8221;; articolo 34: &#8220;Hai diritto di essere protetto dagli abusi sessuali. Ci\u00f2 significa che nessuno pu\u00f2 f are nulla al tuo corpo contro la tua volont\u00e0&#8221;.<br \/>\nPoi esiste Serena Cruz, che spunta fuori dal passato, anche lei bimba contesa tra giustizia e buon senso, sottratta nel 1989 alla sua famiglia perch\u00e9 adottata illegalmente. A diciotto anni ha raccontato: &#8220;I giudici sono stati senza cuore: hanno applicato le leggi convinti di fare del bene. Ma nel mio caso non l&#8217;hanno fatto: pap\u00e0, in fondo, non aveva commesso nulla di male, mi aveva tolto dall&#8217;inferno&#8221;; e ha aggiunto: &#8220;Mi sento vittima delle leggi, se fossero state diverse forse il mio caso non sarebbe scoppiato&#8221;.<br \/>\nLa carta a difesa dei bambini cita un altro articolo: &#8220;A nessuno \u00e8 permesso di rapirti&#8221;. Ma chi sono i rapitori di Maria e Serena?<br \/>\n<em>(Giulia Parodi)<\/em><\/p>\n","protected":false},"excerpt":{"rendered":"<p>Come parlare di Maria, bambina contesa tra Bielorussia e Cogoleto? Utilizzando le leggi internazionali? Partendo dalle ambasciate? Dai suoi &#8220;genitori&#8221;? Dai suoi disegni? Guardando il video, nel quale &#8211; ci dicono &#8211; appare serena, ostaggio esclusivamente del suo desiderio di vivere con la famiglia che ha scelto e che \u00e8 disposta a tutto per trattenerla [&hellip;]<\/p>\n","protected":false},"author":1,"featured_media":0,"comment_status":"closed","ping_status":"closed","sticky":false,"template":"","format":"standard","meta":{"footnotes":""},"categories":[116],"tags":[],"class_list":["post-907","post","type-post","status-publish","format-standard","hentry","category-116"],"_links":{"self":[{"href":"https:\/\/www.olinews.it\/mt\/index.php?rest_route=\/wp\/v2\/posts\/907","targetHints":{"allow":["GET"]}}],"collection":[{"href":"https:\/\/www.olinews.it\/mt\/index.php?rest_route=\/wp\/v2\/posts"}],"about":[{"href":"https:\/\/www.olinews.it\/mt\/index.php?rest_route=\/wp\/v2\/types\/post"}],"author":[{"embeddable":true,"href":"https:\/\/www.olinews.it\/mt\/index.php?rest_route=\/wp\/v2\/users\/1"}],"replies":[{"embeddable":true,"href":"https:\/\/www.olinews.it\/mt\/index.php?rest_route=%2Fwp%2Fv2%2Fcomments&post=907"}],"version-history":[{"count":0,"href":"https:\/\/www.olinews.it\/mt\/index.php?rest_route=\/wp\/v2\/posts\/907\/revisions"}],"wp:attachment":[{"href":"https:\/\/www.olinews.it\/mt\/index.php?rest_route=%2Fwp%2Fv2%2Fmedia&parent=907"}],"wp:term":[{"taxonomy":"category","embeddable":true,"href":"https:\/\/www.olinews.it\/mt\/index.php?rest_route=%2Fwp%2Fv2%2Fcategories&post=907"},{"taxonomy":"post_tag","embeddable":true,"href":"https:\/\/www.olinews.it\/mt\/index.php?rest_route=%2Fwp%2Fv2%2Ftags&post=907"}],"curies":[{"name":"wp","href":"https:\/\/api.w.org\/{rel}","templated":true}]}}