{"id":915,"date":"2006-10-04T16:39:12","date_gmt":"2006-10-04T16:39:12","guid":{"rendered":"http:\/\/www.comevedonoidaltonici.com\/wordpress\/?p=915"},"modified":"2006-10-04T16:39:12","modified_gmt":"2006-10-04T16:39:12","slug":"unione2-sconosciuta-a-sinistra-la-crisi-di-natalita","status":"publish","type":"post","link":"https:\/\/www.olinews.it\/mt\/?p=915","title":{"rendered":"<em>Unione\/2<\/em> &#8211; Sconosciuta a sinistra la crisi di natalit\u00e0"},"content":{"rendered":"<p>&#8220;Uniti a sinistra&#8221;, gioved\u00ec 28 ottobre Palazzo San Giorgio. Presenti Rifondazione Comunista, Comunisti Italiani, Verdi, Corrente del Correntone DS, con segretari, portavoce, e silenti testimoni di ci\u00f2 che accade. Se la politica genovese fosse un reparto maternit\u00e0 le infermiere non potrebbero star dietro alle molte nascite, sullo sfondo delle prossime elezioni.<\/p>\n<p><!--more--><br \/>\nOgni figlio \u00e8 frutto di un bisogno disatteso, generato dall&#8217;incapacit\u00e0 di mettersi d&#8217;accordo, di stabilire un punto nel quale il buon senso degli uni e degli altri possa far quadrato. Prendono la parola in troppi e troppo a lungo durante l&#8217;incontro con gli elettori, per dar voce &#8220;ad una sinistra forte, non piegata che pu\u00f2 partire da Genova&#8221;, per ribadire che il progetto del partito democratico &#8220;americanizzante \u00e8 troppo diverso dalla tradizione politica europea&#8221;, per sottolineare che loro, quelli della sinistra DS non si riconoscono in questo percorso. Ridare centralit\u00e0 al lavoro, combattere la precariet\u00e0, gli obiettivi. La quota rosa \u00e8 assente. Questa volta nemmeno il contentino di far da moderatrice.<br \/>\nEdoardo Sanguineti presente come candidato, vuole riprendere in mano la costituzione, coinvolgere nei problemi l&#8217;intera comunit\u00e0, e consultarla nelle fasi decisionali. Descrive una generazione di giovani &#8211; poco rappresentata in sala &#8211; che &#8220;non hanno pi\u00f9 fiducia nei genitori, nella famiglia, nell&#8217;insegnamento ecclesiastico&#8221; perch\u00e9 vittime di una sorta di &#8220;stanchezza&#8221;. Ragazzi affidati allo psicanalista e allo psichiatra, figli di &#8220;una societ\u00e0 che \u00e8 malata di capitalismo imperialista&#8221;.<br \/>\nFolena ripercorre il dolore &#8211; analitico &#8211; dell&#8217;aver lasciato il partito, e ricorda ai genovesi il luglio 2001 esigendo con forza una Commissione d&#8217;inchiesta parlamentare. L&#8217;operaio edile, vittima sul lavoro, la volont\u00e0 di stare dalla parte degli oppressi e degli esclusi, la necessit\u00e0 che &#8220;la politica faccia sentire che c&#8217;\u00e8 un&#8217;altra speranza&#8221;, i trecentomila precari di scuola e universit\u00e0 sono i punti del nuovo programma tracciato a palazzo San Giorgio. Un programma a sinistra del centro sinistra. Lo stesso di Prodi?<br \/>\nTroppe navi partono da Genova. Sembra di essere al terminal traghetti.<br \/>\n<em>(Giulia Parodi)<\/em><\/p>\n","protected":false},"excerpt":{"rendered":"<p>&#8220;Uniti a sinistra&#8221;, gioved\u00ec 28 ottobre Palazzo San Giorgio. Presenti Rifondazione Comunista, Comunisti Italiani, Verdi, Corrente del Correntone DS, con segretari, portavoce, e silenti testimoni di ci\u00f2 che accade. Se la politica genovese fosse un reparto maternit\u00e0 le infermiere non potrebbero star dietro alle molte nascite, sullo sfondo delle prossime elezioni.<\/p>\n","protected":false},"author":1,"featured_media":0,"comment_status":"closed","ping_status":"closed","sticky":false,"template":"","format":"standard","meta":{"footnotes":""},"categories":[117,10],"tags":[],"class_list":["post-915","post","type-post","status-publish","format-standard","hentry","category-117","category-politica"],"_links":{"self":[{"href":"https:\/\/www.olinews.it\/mt\/index.php?rest_route=\/wp\/v2\/posts\/915","targetHints":{"allow":["GET"]}}],"collection":[{"href":"https:\/\/www.olinews.it\/mt\/index.php?rest_route=\/wp\/v2\/posts"}],"about":[{"href":"https:\/\/www.olinews.it\/mt\/index.php?rest_route=\/wp\/v2\/types\/post"}],"author":[{"embeddable":true,"href":"https:\/\/www.olinews.it\/mt\/index.php?rest_route=\/wp\/v2\/users\/1"}],"replies":[{"embeddable":true,"href":"https:\/\/www.olinews.it\/mt\/index.php?rest_route=%2Fwp%2Fv2%2Fcomments&post=915"}],"version-history":[{"count":0,"href":"https:\/\/www.olinews.it\/mt\/index.php?rest_route=\/wp\/v2\/posts\/915\/revisions"}],"wp:attachment":[{"href":"https:\/\/www.olinews.it\/mt\/index.php?rest_route=%2Fwp%2Fv2%2Fmedia&parent=915"}],"wp:term":[{"taxonomy":"category","embeddable":true,"href":"https:\/\/www.olinews.it\/mt\/index.php?rest_route=%2Fwp%2Fv2%2Fcategories&post=915"},{"taxonomy":"post_tag","embeddable":true,"href":"https:\/\/www.olinews.it\/mt\/index.php?rest_route=%2Fwp%2Fv2%2Ftags&post=915"}],"curies":[{"name":"wp","href":"https:\/\/api.w.org\/{rel}","templated":true}]}}