{"id":917,"date":"2006-10-04T16:44:08","date_gmt":"2006-10-04T16:44:08","guid":{"rendered":"http:\/\/www.comevedonoidaltonici.com\/wordpress\/?p=917"},"modified":"2006-10-04T16:44:08","modified_gmt":"2006-10-04T16:44:08","slug":"primarie-prove-di-identikit-del-nuovo-sindaco","status":"publish","type":"post","link":"https:\/\/www.olinews.it\/mt\/?p=917","title":{"rendered":"<em>Primarie <\/em>&#8211; Prove di identikit del nuovo sindaco"},"content":{"rendered":"<p>Sono avvilito dall&#8217;andamento delle manovre per piazzare candidati sindaci per Genova alle annunciate primarie. L&#8217;intera scena \u00e8 occupata da partiti politici, in specie a sinistra, e le parti finora andate in rappresentazione sono state interpretate da esponenti delle correnti che diversificano i gruppi all&#8217;interno dei partiti.<\/p>\n<p><!--more--><br \/>\nDunque la questione sembrerebbe ridotta ad una parte molto piccola della comunit\u00e0, sebbene essa sia assai influente nei confronti della stampa. Si direbbe che le pagine locali dei quotidiani letti a Genova vengano adoperate dagli esponenti politici di questa o quella corrente come strumenti per mandare messaggi non tanto alla gente, quanto ai propri avversari.<br \/>\nQualche timida proposta viene fatta dai lettori, ma \u00e8 relegata nei ridotti delle lettere alla redazione. Il gruppo pi\u00f9 grosso della comunit\u00e0 elettorale genovese \u00e8 escluso da qualsiasi consultazione (il gruppo pi\u00f9 grosso \u00e8 fatto dalla somma degli elettori che non sono iscritti ad alcun partito; in questo gruppo ci sono poi due sottoinsiemi: gli elettori che vanno a votare e quelli che non lo fanno).<br \/>\nAppare fin troppo chiaro, quindi, che a sedere sulla poltrona di sindaco di Genova sar\u00e0 una persona di apparato, uno che ha alle sue spalle una lunga militanza politica, forse nell&#8217;apparato di qualche partito, forse nella sua intelighenzia, una persona che \u00e8 stata capace sostanzialmente di far pesare pi\u00f9 degli altri candidati la sua rete di relazioni con il potere. E&#8217; altrettanto chiaro, per questi stessi motivi, che tale persona non pu\u00f2 rappresentare la maggioranza degli elettori.<br \/>\nDunque il meccanismo delle primarie sarebbe viziato da un difetto di partecipazione, accettato supinamente da tutti, a cominciare dagli organi di informazione. Io mi aspettavo che in questa vicenda delle primarie venisse almeno tentato un processo innovativo: la pronuncia, ad esempio, di alcuni requisiti di base che il primo cittadino dovrebbe avere. Ce ne sono due, a mio avviso, che sono dirompenti rispetto allo spettacolo finora andato in onda: l&#8217;et\u00e0 del Sindaco e la sua capacit\u00e0 di relazione con l&#8217;intera comunit\u00e0.<br \/>\n<em>(Rinaldo Luccardini) <\/em><\/p>\n","protected":false},"excerpt":{"rendered":"<p>Sono avvilito dall&#8217;andamento delle manovre per piazzare candidati sindaci per Genova alle annunciate primarie. L&#8217;intera scena \u00e8 occupata da partiti politici, in specie a sinistra, e le parti finora andate in rappresentazione sono state interpretate da esponenti delle correnti che diversificano i gruppi all&#8217;interno dei partiti.<\/p>\n","protected":false},"author":1,"featured_media":0,"comment_status":"closed","ping_status":"closed","sticky":false,"template":"","format":"standard","meta":{"footnotes":""},"categories":[117,10],"tags":[],"class_list":["post-917","post","type-post","status-publish","format-standard","hentry","category-117","category-politica"],"_links":{"self":[{"href":"https:\/\/www.olinews.it\/mt\/index.php?rest_route=\/wp\/v2\/posts\/917","targetHints":{"allow":["GET"]}}],"collection":[{"href":"https:\/\/www.olinews.it\/mt\/index.php?rest_route=\/wp\/v2\/posts"}],"about":[{"href":"https:\/\/www.olinews.it\/mt\/index.php?rest_route=\/wp\/v2\/types\/post"}],"author":[{"embeddable":true,"href":"https:\/\/www.olinews.it\/mt\/index.php?rest_route=\/wp\/v2\/users\/1"}],"replies":[{"embeddable":true,"href":"https:\/\/www.olinews.it\/mt\/index.php?rest_route=%2Fwp%2Fv2%2Fcomments&post=917"}],"version-history":[{"count":0,"href":"https:\/\/www.olinews.it\/mt\/index.php?rest_route=\/wp\/v2\/posts\/917\/revisions"}],"wp:attachment":[{"href":"https:\/\/www.olinews.it\/mt\/index.php?rest_route=%2Fwp%2Fv2%2Fmedia&parent=917"}],"wp:term":[{"taxonomy":"category","embeddable":true,"href":"https:\/\/www.olinews.it\/mt\/index.php?rest_route=%2Fwp%2Fv2%2Fcategories&post=917"},{"taxonomy":"post_tag","embeddable":true,"href":"https:\/\/www.olinews.it\/mt\/index.php?rest_route=%2Fwp%2Fv2%2Ftags&post=917"}],"curies":[{"name":"wp","href":"https:\/\/api.w.org\/{rel}","templated":true}]}}