{"id":925,"date":"2006-10-11T09:31:48","date_gmt":"2006-10-11T09:31:48","guid":{"rendered":"http:\/\/www.comevedonoidaltonici.com\/wordpress\/?p=925"},"modified":"2006-10-11T09:31:48","modified_gmt":"2006-10-11T09:31:48","slug":"nautica-ma-nessuno-difende-chi-non-ha-la-barca","status":"publish","type":"post","link":"https:\/\/www.olinews.it\/mt\/?p=925","title":{"rendered":"<em>Nautica <\/em>&#8211; Ma nessuno difende chi non ha la barca"},"content":{"rendered":"<p>Le parole spese da D&#8217;Alema nella sua appassionata difesa della nautica vengono riportate dai nostri giornali cittadini con bella evidenza, ma senza soverchi commenti. Eppure, volendo, si presterebbero a pi\u00f9 di una osservazione.<\/p>\n<p><!--more--><br \/>\nD&#8217;Alema dice che &#8220;non c&#8217;\u00e8 nulla di riprovevole nell&#8217;avere una barca&#8221;. Quanto a questo, non c&#8217;\u00e8 nulla di riprovevole nemmeno nell&#8217;avere un&#8217;automobile, un camion, un SUV, un trattore, una Harley Davidson, una roulotte, un camper. Ed anche pi\u00f9 esemplari di ciascuno dei generi citati.<br \/>\nIl punto \u00e8 che quando D&#8217;Alema afferma che quello nautico &#8220;\u00e8 anzi un consumo da incoraggiare&#8221; dice davvero troppo poco. Dovrebbe infatti aggiungere a quali condizioni, con quali regole, questo consumo pu\u00f2 essere incoraggiato.<br \/>\nMa dato che, come osserva l&#8217;articolista del Secolo XIX, &#8220;la nautica italiana cresce del 7-8% all&#8217;anno, a ritmi cinesi&#8221;,&#8221;il governo non si sogna di metterle i bastoni tra le ruote&#8221;. Si pu\u00f2 capire. Gli interessi intorno allo sviluppo di questo settore sono moltissimi, da quelli edilizi a quelli produttivi e del lavoro, a quelli degli utilizzatori.<br \/>\nLe obiezioni potrebbero essere molte; e non solo di tipo ambientale (yachts sempre pi\u00f9 numerosi e sempre pi\u00f9 grandi inghiottono voracemente lo spazio sui litorali, innescano la proliferazione dei porticcioli, occupano con la loro ormeggiata presenza baie e baiette trasformando i nostri bagni in mare nel malinconico sguazzo in un parcheggio acquatico), sottraendo spazi di libert\u00e0 e di godimento del mare ai pi\u00f9. Come in molti altri casi anche qui vi sono opposti interessi da contemperare, e questo \u00e8 il compito principe della politica. Cresce per\u00f2 la spiacevole sensazione che una delle parti in causa abbia sempre meno avvocati difensori.<br \/>\n<em>(Paola Pierantoni)<\/em><\/p>\n","protected":false},"excerpt":{"rendered":"<p>Le parole spese da D&#8217;Alema nella sua appassionata difesa della nautica vengono riportate dai nostri giornali cittadini con bella evidenza, ma senza soverchi commenti. Eppure, volendo, si presterebbero a pi\u00f9 di una osservazione.<\/p>\n","protected":false},"author":1,"featured_media":0,"comment_status":"closed","ping_status":"closed","sticky":false,"template":"","format":"standard","meta":{"footnotes":""},"categories":[118],"tags":[],"class_list":["post-925","post","type-post","status-publish","format-standard","hentry","category-118"],"_links":{"self":[{"href":"https:\/\/www.olinews.it\/mt\/index.php?rest_route=\/wp\/v2\/posts\/925","targetHints":{"allow":["GET"]}}],"collection":[{"href":"https:\/\/www.olinews.it\/mt\/index.php?rest_route=\/wp\/v2\/posts"}],"about":[{"href":"https:\/\/www.olinews.it\/mt\/index.php?rest_route=\/wp\/v2\/types\/post"}],"author":[{"embeddable":true,"href":"https:\/\/www.olinews.it\/mt\/index.php?rest_route=\/wp\/v2\/users\/1"}],"replies":[{"embeddable":true,"href":"https:\/\/www.olinews.it\/mt\/index.php?rest_route=%2Fwp%2Fv2%2Fcomments&post=925"}],"version-history":[{"count":0,"href":"https:\/\/www.olinews.it\/mt\/index.php?rest_route=\/wp\/v2\/posts\/925\/revisions"}],"wp:attachment":[{"href":"https:\/\/www.olinews.it\/mt\/index.php?rest_route=%2Fwp%2Fv2%2Fmedia&parent=925"}],"wp:term":[{"taxonomy":"category","embeddable":true,"href":"https:\/\/www.olinews.it\/mt\/index.php?rest_route=%2Fwp%2Fv2%2Fcategories&post=925"},{"taxonomy":"post_tag","embeddable":true,"href":"https:\/\/www.olinews.it\/mt\/index.php?rest_route=%2Fwp%2Fv2%2Ftags&post=925"}],"curies":[{"name":"wp","href":"https:\/\/api.w.org\/{rel}","templated":true}]}}