{"id":929,"date":"2006-10-18T10:20:46","date_gmt":"2006-10-18T10:20:46","guid":{"rendered":"http:\/\/www.comevedonoidaltonici.com\/wordpress\/?p=929"},"modified":"2006-10-18T10:20:46","modified_gmt":"2006-10-18T10:20:46","slug":"carige2-da-cosa-nasce-cosa-e-dal-terzo-valico","status":"publish","type":"post","link":"https:\/\/www.olinews.it\/mt\/?p=929","title":{"rendered":"<em>Carige\/2 <\/em>&#8211; Da cosa nasce cosa. E dal terzo valico?"},"content":{"rendered":"<p>La filosofia Berneschi trova ampi consensi a Genova. Anche la nuova giunta regionale, nella persona di Burlando a novembre 2005, a Palazzo Ducale, incorona il presidente Carige con un premio; speciale perch\u00e9 lui non rientra in nessuna delle categorie previste (letteratura, solidariet\u00e0, spettacolo ecc.) ma in un certo senso le comprende tutte: \u00e8 un esperto di soldi.<\/p>\n<p><!--more--><br \/>\nE ora, autunno 2006, l&#8217;uomo della bitta torna a parlare. Il sindaco? Berneschi fa qualche nome e poi precisa: ce ne vuole uno &#8220;con gli attributi e con il coraggio di fare l&#8217;unica cosa necessaria, il Terzo Valico&#8230; Al Paese e alla citt\u00e0 serve il Terzo Valico, punto&#8230; Camera di Commercio, Confindustria, alcuni imprenditori ci stanno gi\u00e0 lavorando. Ovviamente ho aderito con entusiasmo. Presto andremo anche dal presidente della Regione, Claudio Burlando, per invitarlo a seguire questa strada: chiediamo all&#8217;esecutivo il Terzo Valico e basta.<br \/>\nDomanda dell&#8217;intervistatore: &#8220;Perch\u00e9 il Terzo Valico sarebbe un toccasana?&#8221;<br \/>\nE lui, l&#8217;uomo della bitta: &#8220;perch\u00e9 spostando dall&#8217;autostrada alla ferrovia gran parte della movimentazione, si facilitano entrata e uscita in citt\u00e0, si decongestiona l&#8217;accesso al porto, si valorizzano certe aree&#8221;.<br \/>\nS\u00ec, aree. &#8220;Se l&#8217;universit\u00e0 va agli Erzelli dovr\u00e0 vendere gli immobili attuali. Roba di pregio, dove si possono realizzare interventi appetibili, ma vendibili a forestieri, perch\u00e9 qui non c&#8217;\u00e8 un tessuto in grado di assorbire pezzi da un milione l&#8217;uno. Stesso discorso per Quarto, che la Regione dovr\u00e0 cedere per i costi della sanit\u00e0. Poi c&#8217;\u00e8 un&#8217;altra iniziativa immobiliare a Boccadasse e, insomma, da cosa nasce cosa&#8221;.<br \/>\nCapito il Terzo Valico della Carige? Immobiliari, case, porticcioli&#8230;<br \/>\n<em>(Manlio Calegari)<\/em><\/p>\n","protected":false},"excerpt":{"rendered":"<p>La filosofia Berneschi trova ampi consensi a Genova. Anche la nuova giunta regionale, nella persona di Burlando a novembre 2005, a Palazzo Ducale, incorona il presidente Carige con un premio; speciale perch\u00e9 lui non rientra in nessuna delle categorie previste (letteratura, solidariet\u00e0, spettacolo ecc.) ma in un certo senso le comprende tutte: \u00e8 un esperto [&hellip;]<\/p>\n","protected":false},"author":1,"featured_media":0,"comment_status":"closed","ping_status":"closed","sticky":false,"template":"","format":"standard","meta":{"footnotes":""},"categories":[119,10],"tags":[],"class_list":["post-929","post","type-post","status-publish","format-standard","hentry","category-119","category-politica"],"_links":{"self":[{"href":"https:\/\/www.olinews.it\/mt\/index.php?rest_route=\/wp\/v2\/posts\/929","targetHints":{"allow":["GET"]}}],"collection":[{"href":"https:\/\/www.olinews.it\/mt\/index.php?rest_route=\/wp\/v2\/posts"}],"about":[{"href":"https:\/\/www.olinews.it\/mt\/index.php?rest_route=\/wp\/v2\/types\/post"}],"author":[{"embeddable":true,"href":"https:\/\/www.olinews.it\/mt\/index.php?rest_route=\/wp\/v2\/users\/1"}],"replies":[{"embeddable":true,"href":"https:\/\/www.olinews.it\/mt\/index.php?rest_route=%2Fwp%2Fv2%2Fcomments&post=929"}],"version-history":[{"count":0,"href":"https:\/\/www.olinews.it\/mt\/index.php?rest_route=\/wp\/v2\/posts\/929\/revisions"}],"wp:attachment":[{"href":"https:\/\/www.olinews.it\/mt\/index.php?rest_route=%2Fwp%2Fv2%2Fmedia&parent=929"}],"wp:term":[{"taxonomy":"category","embeddable":true,"href":"https:\/\/www.olinews.it\/mt\/index.php?rest_route=%2Fwp%2Fv2%2Fcategories&post=929"},{"taxonomy":"post_tag","embeddable":true,"href":"https:\/\/www.olinews.it\/mt\/index.php?rest_route=%2Fwp%2Fv2%2Ftags&post=929"}],"curies":[{"name":"wp","href":"https:\/\/api.w.org\/{rel}","templated":true}]}}