{"id":932,"date":"2006-10-18T10:27:45","date_gmt":"2006-10-18T10:27:45","guid":{"rendered":"http:\/\/www.comevedonoidaltonici.com\/wordpress\/?p=932"},"modified":"2006-10-18T10:27:45","modified_gmt":"2006-10-18T10:27:45","slug":"progetti-ma-interessa-per-davvero-un-comune-trasparente","status":"publish","type":"post","link":"https:\/\/www.olinews.it\/mt\/?p=932","title":{"rendered":"<em>Progetti <\/em>&#8211; Ma interessa per davvero un comune trasparente?"},"content":{"rendered":"<p><em>Repubblica-il Lavoro <\/em>nulla ha pubblicato sull&#8217;incontro con Giulietto Chiesa di venerd\u00ec 13 ottobre al dopolavoro ferroviario. Peccato. Perch\u00e9 nel dibattito \u00e8 stato lanciato il &#8220;Manifesto per un&#8217;amministrazione trasparente e partecipata&#8221; che propone ad elettori, partiti e candidati locali un metodo nuovo per gestire la cosa pubblica(<a href=\"http:\/\/www.genovapartecipata.it\">www.genovapartecipata.it<\/a>). Si parte dal presupposto che il cittadino debba essere interpellato su decisioni che lo riguardano: candidature, trasporti, progetti urbanistici, gestione dei rifiuti e molto altro. La proposta suggerisce un&#8217;informazione trasparente su gare d&#8217;appalto, consulenze, relativo finanziamento, con un taglio ai costi della politica e l&#8217;adozione del bilancio partecipativo. Il manifesto evidenzia nero su bianco quello che <em>Repubblica-Il Lavoro<\/em> ha denunciato in tanti anni di inchieste. <em>Il Secolo XIX<\/em> ha pubblicato la notizia dell&#8217;incontro nella rubrica Primo Piano. E le cento persone presenti in sala sembravano chiedersi perch\u00e9 tanta fatica ad aver spazio sul quotidiano locale di centro sinistra.<\/p>\n<p><!--more--><br \/>\nQualcosa non quadra. Pensavano i cento. Non solo rispetto a <em>Repubblica-Il Lavoro<\/em> che, a detta di Pelizzetti &#8220;si \u00e8 ha trasformato nel <em>Nuovo Cittadino<\/em>\u2026 parla solo di preti!&#8221;, ma rispetto al totale &#8220;asservimento del sistema cartaceo&#8221;.<br \/>\nAl dopolavoro ferroviario i cento si chiedevano cosa fosse stato del movimento per la pace, dei girotondi, della rappresentanza, delle primarie aperte a tutti e si interrogavano su partito democratico, vuoto a sinistra, vuoto da riempire, candidature sparse. Giulietto Chiesa ha spiegato che non sono soli. In tutta Italia nascono comitati, ed esiste &#8220;un bacino di quattro cinque milioni di persone che si aspettano qualcosa di nuovo. Chiesa ha parlato delle guerre future &#8211; &#8220;io sono pacifista perch\u00e9 voglio sopravvivere&#8221; &#8211; e della necessit\u00e0, per le prossime elezioni, di non scegliere pi\u00f9 una coalizione solo per paura dell&#8217;altra. &#8220;In questi anni tutti cercavamo una maniglia, siamo stati costretti a votare per loro sapendo che non ci rappresentavano. Noi dobbiamo creare una maniglia.&#8221;<br \/>\nE ancora: &#8220;sono vent&#8217;anni che manca un partito politico capace di un&#8217;analisi&#8221;. Sparita la formazione, adesso per Chiesa \u00e8 necessario &#8220;ricostruire un linguaggio uguale per tutti per essere in grado di capirsi, collocarsi, darsi delle spiegazioni&#8221;. Dato per scontato che il Partito Democratico sar\u00e0 una coalizione di centro, con enormi difficolt\u00e0 di collocazione a Bruxelles, il parlamentare propone un progetto unitario di respiro europeo che parta dall&#8217;Italia. Tre anni di tempo per &#8220;organizzare una rete fuori dalle strutture dei partiti&#8221;. I gruppi di riferimento di questa offerta politica saranno coloro &#8220;che tutto hanno da perdere&#8221; che in una societ\u00e0 frammentata &#8220;non stanno pi\u00f9 tutti insieme, e devono essere scovati, studiati!&#8221;. Bisogner\u00e0 formare i quadri, ripristinare le regole della societ\u00e0, avere un&#8217;agenda dei problemi da approfondire mettere insieme &#8220;una fondazione che produca know how per noi&#8221;.<br \/>\nMolti interventi. Domande. Ricordi. Berlinguer, Gramsci. Le letture che i giovani &#8211; sempre pochi in questi dibatti &#8211; non fanno pi\u00f9.<br \/>\nIl progetto di Chiesa \u00e8 nitido quando lui lo narra. Ma poco a poco sfuma diventando irreale non appena confrontato con i suoi stessi eccessi e le energie a disposizione. Il manifesto invece \u00e8 un appello alla coerenza per chi si candida alla poltrona di sindaco. Chiss\u00e0 che a questa virt\u00f9 non corrisponda una faccia.<br \/>\n<em>(Giulia Parodi)<\/em><\/p>\n","protected":false},"excerpt":{"rendered":"<p>Repubblica-il Lavoro nulla ha pubblicato sull&#8217;incontro con Giulietto Chiesa di venerd\u00ec 13 ottobre al dopolavoro ferroviario. Peccato. Perch\u00e9 nel dibattito \u00e8 stato lanciato il &#8220;Manifesto per un&#8217;amministrazione trasparente e partecipata&#8221; che propone ad elettori, partiti e candidati locali un metodo nuovo per gestire la cosa pubblica(www.genovapartecipata.it). Si parte dal presupposto che il cittadino debba essere [&hellip;]<\/p>\n","protected":false},"author":1,"featured_media":0,"comment_status":"closed","ping_status":"closed","sticky":false,"template":"","format":"standard","meta":{"footnotes":""},"categories":[119,10],"tags":[],"class_list":["post-932","post","type-post","status-publish","format-standard","hentry","category-119","category-politica"],"_links":{"self":[{"href":"https:\/\/www.olinews.it\/mt\/index.php?rest_route=\/wp\/v2\/posts\/932","targetHints":{"allow":["GET"]}}],"collection":[{"href":"https:\/\/www.olinews.it\/mt\/index.php?rest_route=\/wp\/v2\/posts"}],"about":[{"href":"https:\/\/www.olinews.it\/mt\/index.php?rest_route=\/wp\/v2\/types\/post"}],"author":[{"embeddable":true,"href":"https:\/\/www.olinews.it\/mt\/index.php?rest_route=\/wp\/v2\/users\/1"}],"replies":[{"embeddable":true,"href":"https:\/\/www.olinews.it\/mt\/index.php?rest_route=%2Fwp%2Fv2%2Fcomments&post=932"}],"version-history":[{"count":0,"href":"https:\/\/www.olinews.it\/mt\/index.php?rest_route=\/wp\/v2\/posts\/932\/revisions"}],"wp:attachment":[{"href":"https:\/\/www.olinews.it\/mt\/index.php?rest_route=%2Fwp%2Fv2%2Fmedia&parent=932"}],"wp:term":[{"taxonomy":"category","embeddable":true,"href":"https:\/\/www.olinews.it\/mt\/index.php?rest_route=%2Fwp%2Fv2%2Fcategories&post=932"},{"taxonomy":"post_tag","embeddable":true,"href":"https:\/\/www.olinews.it\/mt\/index.php?rest_route=%2Fwp%2Fv2%2Ftags&post=932"}],"curies":[{"name":"wp","href":"https:\/\/api.w.org\/{rel}","templated":true}]}}