{"id":937,"date":"2006-10-26T15:32:34","date_gmt":"2006-10-26T15:32:34","guid":{"rendered":"http:\/\/www.comevedonoidaltonici.com\/wordpress\/?p=937"},"modified":"2006-10-26T15:32:34","modified_gmt":"2006-10-26T15:32:34","slug":"russia-noir-piu-dellindignazione-puo-la-diplomazia","status":"publish","type":"post","link":"https:\/\/www.olinews.it\/mt\/?p=937","title":{"rendered":"<em>Russia noir<\/em> &#8211; Pi\u00f9 dell&#8217;indignazione pu\u00f2 la diplomazia"},"content":{"rendered":"<p>Anna Politkovskaja \u00e8 stata ammazzata e non c&#8217;era nulla da scrivere. Se non della rabbia. Bisognava aspettare, e osservarla un po&#8217; pi\u00f9 da lontano questa morte per rammentare che l&#8217;ambasciatore italiano a Mosca non ha presenziato alle esequie. La diplomazia internazionale suggerisce distanze, evita contaminazioni d&#8217;idee, annusa l&#8217;aria. Il fatto che solo Pannella, di tutti i politici italiani, parlamentari, senatori, sottosegretari, abbia ritenuto &#8220;naturale&#8221; la sua presenza al funerale, \u00e8 un segnale a dir poco allarmante. Se non altro perch\u00e9 di questo assassinio si \u00e8 scritto tantissimo, su tutti i giornali e per molti giorni. Quindi ci riguarda.<\/p>\n<p><!--more--><br \/>\nCi riguarda per i contratti economici, i protocolli che anche la nostra citt\u00e0 ha sottoscritto, il gas, le trattative che l&#8217;Italia allaccia con la Federazione Russa. Pensare che questo assassinio vada relegato in una sfera emotiva \u00e8 un&#8217;ingenuit\u00e0 politica di cui prima o poi chi di dovere sar\u00e0 costretto a rendere co nto. Bisognerebbe essere in grado di guardar lontano. O di guardare indietro:<\/p>\n<blockquote><p>L&#8217;11 novembre 1938, pi\u00f9 di diecimila ebrei, nel solo campo di Buchenvald, venivano ricevuti con tutte le raffinatezze d&#8217;uso mentre un altoparlante proclamava: &#8220;Ogni ebreo che voglia impiccarsi \u00e8 pregato di avere la cortesia di mettersi in bocca un pezzo di carta recante il proprio nome, perch\u00e9 si possa sapere di chi si tratta&#8221;.<br \/>\nAffluiti a decine di migliaia nel porto di Amburgo, gli ebrei tedeschi si scontrarono con la parola d&#8217;ordine delle democrazie: Niente visti. Pochi ebrei si buttarono allo sbaraglio in mare; non furono colati a picco per umanit\u00e0, ma fu loro concesso di morire all&#8217;\u00e0ncora a Londra, a Marsiglia, a New York a Tel Aviv, a Malacca e Singapore e Valparaiso e a tutti gli ancoraggi che vollero. E poich\u00e9 la consegna democratica non prevedeva funerali, i pii ebrei tedeschi furono sotterrati\u2026in mare.<br \/>\nI cuori democratici si trattenevano. (Andr\u00e9 Schwarzbart, &#8220;L&#8217;ultimo dei giusti&#8221;) <\/p><\/blockquote>\n<p>Chi leggeva gli articoli di Anna Politkovskaja poteva provare ammirazione e stupore: ammirazione per ci\u00f2 che scriveva, stupore perch\u00e9 era ancora viva. Nei suoi pezzi certamente la Cecenia, ma soprattutto la storia dei popoli dimenticati e di quella &#8220;consegna democratica&#8221; che induce a negare l&#8217;evidenza.<br \/>\nLa rabbia per quella morte ha un nome. Chi \u00e8 tenuto ad occuparsene \u00e8 ancora vivo.<br \/>\n<em>(Giulia Parodi) <\/em><\/p>\n","protected":false},"excerpt":{"rendered":"<p>Anna Politkovskaja \u00e8 stata ammazzata e non c&#8217;era nulla da scrivere. Se non della rabbia. Bisognava aspettare, e osservarla un po&#8217; pi\u00f9 da lontano questa morte per rammentare che l&#8217;ambasciatore italiano a Mosca non ha presenziato alle esequie. La diplomazia internazionale suggerisce distanze, evita contaminazioni d&#8217;idee, annusa l&#8217;aria. Il fatto che solo Pannella, di tutti [&hellip;]<\/p>\n","protected":false},"author":1,"featured_media":0,"comment_status":"closed","ping_status":"closed","sticky":false,"template":"","format":"standard","meta":{"footnotes":""},"categories":[120],"tags":[],"class_list":["post-937","post","type-post","status-publish","format-standard","hentry","category-120"],"_links":{"self":[{"href":"https:\/\/www.olinews.it\/mt\/index.php?rest_route=\/wp\/v2\/posts\/937","targetHints":{"allow":["GET"]}}],"collection":[{"href":"https:\/\/www.olinews.it\/mt\/index.php?rest_route=\/wp\/v2\/posts"}],"about":[{"href":"https:\/\/www.olinews.it\/mt\/index.php?rest_route=\/wp\/v2\/types\/post"}],"author":[{"embeddable":true,"href":"https:\/\/www.olinews.it\/mt\/index.php?rest_route=\/wp\/v2\/users\/1"}],"replies":[{"embeddable":true,"href":"https:\/\/www.olinews.it\/mt\/index.php?rest_route=%2Fwp%2Fv2%2Fcomments&post=937"}],"version-history":[{"count":0,"href":"https:\/\/www.olinews.it\/mt\/index.php?rest_route=\/wp\/v2\/posts\/937\/revisions"}],"wp:attachment":[{"href":"https:\/\/www.olinews.it\/mt\/index.php?rest_route=%2Fwp%2Fv2%2Fmedia&parent=937"}],"wp:term":[{"taxonomy":"category","embeddable":true,"href":"https:\/\/www.olinews.it\/mt\/index.php?rest_route=%2Fwp%2Fv2%2Fcategories&post=937"},{"taxonomy":"post_tag","embeddable":true,"href":"https:\/\/www.olinews.it\/mt\/index.php?rest_route=%2Fwp%2Fv2%2Ftags&post=937"}],"curies":[{"name":"wp","href":"https:\/\/api.w.org\/{rel}","templated":true}]}}