{"id":952,"date":"2006-11-01T17:35:59","date_gmt":"2006-11-01T17:35:59","guid":{"rendered":"http:\/\/www.comevedonoidaltonici.com\/wordpress\/?p=952"},"modified":"2006-11-01T17:35:59","modified_gmt":"2006-11-01T17:35:59","slug":"carige1-chi-ha-parlato-la-paghera","status":"publish","type":"post","link":"https:\/\/www.olinews.it\/mt\/?p=952","title":{"rendered":"<em>Carige\/1<\/em> &#8211; Chi ha parlato la pagher\u00e0"},"content":{"rendered":"<p>A una settimana dall&#8217;articolo del <em>Corriere della Sera<\/em> sulla Carige, un lungo editoriale (&#8220;Silenzi e bisbigli sul caso Carige&#8221;) su <em>Repubblica-Lavoro<\/em> (30 ottobre 2006) si interroga sul perch\u00e9 di fronte alle notizie bomba fornite dal Corriere, e l&#8217;inchiesta in merito aperta dalla Procura, a Genova quelli che contano facciano finta di niente. La dirigenza politica \u00e8 piuttosto impegnata a discutere di come dividersi il potere, le cariche, le candidature.<\/p>\n<p><!--more--><br \/>\nQuanto alla classe dirigente (?) e la societ\u00e0 civile (?) tacciono perch\u00e9 un po&#8217; si nascondono dietro ai politici e un po&#8217; non vogliono svegliare il can che dorme. Silenzio imbarazzato &#8211; prosegue l&#8217;editoriale &#8211; anche da parte dei vertici istituzionali come Pericu e Burlando. Insomma, dicono al <em>Lavoro<\/em>, un silenzio cos\u00ec finisce per danneggiare tutti, perfino la Carige. Parole sante. Peccato che al <em>Lavoro<\/em>, come al <em>Secolo <\/em>e al <em>Giornale <\/em>abbiano fatto cos\u00ec poco per romper e quel silenzio, facendo a gara nell&#8217;offrire spazio al presidente di Carige. Il quale ha di recente fornito una sintesi del Carige-pensiero nella riunione plenaria avvenuta di prima mattina con dirigenti della banca e sindacati e di cui fedelmente riferisce il <em>Lavoro <\/em>(28 ottobre) che nell&#8217;ambiente vanta da tempo notizie di prima mano. &#8220;Abbiamo scoperto &#8211; ha detto nell&#8217;occasione Berneschi &#8211; chi \u00e8 stato a passare tutte quelle informazioni che hanno dato il via al dossier del <em>Corriere <\/em>e sappiamo che non \u00e8 uno di noi, un interno&#8221;. Perch\u00e9, ha aggiunto, il &#8220;dolore pi\u00f9 grande&#8221; per lui sarebbe stato quello di un &#8220;tradimento&#8221; interno, da parte di un giocatore della sua squadra. &#8220;Qualcuno &#8211; ha detto ancora &#8211; ha voluto colpire il sottoscritto, qualcuno che abbiamo gi\u00e0 individuato e contro il quale faremo valere le nostre ragioni&#8221;. Non una parola sulle pesanti contestazioni rivolte ai vertici della banca, le accuse di nepotismo e il resto. Solo la promessa di farla pagare c ara al delatore. Il resto della giornata \u00e8 stata spesa &#8220;a far veicolare in azienda il messaggio del presidente&#8221;. Ordini, altro che bisbigli.<br \/>\n<em>(Manlio Calegari)<\/em><\/p>\n","protected":false},"excerpt":{"rendered":"<p>A una settimana dall&#8217;articolo del Corriere della Sera sulla Carige, un lungo editoriale (&#8220;Silenzi e bisbigli sul caso Carige&#8221;) su Repubblica-Lavoro (30 ottobre 2006) si interroga sul perch\u00e9 di fronte alle notizie bomba fornite dal Corriere, e l&#8217;inchiesta in merito aperta dalla Procura, a Genova quelli che contano facciano finta di niente. La dirigenza politica [&hellip;]<\/p>\n","protected":false},"author":1,"featured_media":0,"comment_status":"closed","ping_status":"closed","sticky":false,"template":"","format":"standard","meta":{"footnotes":""},"categories":[121,20,10],"tags":[],"class_list":["post-952","post","type-post","status-publish","format-standard","hentry","category-121","category-citta","category-politica"],"_links":{"self":[{"href":"https:\/\/www.olinews.it\/mt\/index.php?rest_route=\/wp\/v2\/posts\/952","targetHints":{"allow":["GET"]}}],"collection":[{"href":"https:\/\/www.olinews.it\/mt\/index.php?rest_route=\/wp\/v2\/posts"}],"about":[{"href":"https:\/\/www.olinews.it\/mt\/index.php?rest_route=\/wp\/v2\/types\/post"}],"author":[{"embeddable":true,"href":"https:\/\/www.olinews.it\/mt\/index.php?rest_route=\/wp\/v2\/users\/1"}],"replies":[{"embeddable":true,"href":"https:\/\/www.olinews.it\/mt\/index.php?rest_route=%2Fwp%2Fv2%2Fcomments&post=952"}],"version-history":[{"count":0,"href":"https:\/\/www.olinews.it\/mt\/index.php?rest_route=\/wp\/v2\/posts\/952\/revisions"}],"wp:attachment":[{"href":"https:\/\/www.olinews.it\/mt\/index.php?rest_route=%2Fwp%2Fv2%2Fmedia&parent=952"}],"wp:term":[{"taxonomy":"category","embeddable":true,"href":"https:\/\/www.olinews.it\/mt\/index.php?rest_route=%2Fwp%2Fv2%2Fcategories&post=952"},{"taxonomy":"post_tag","embeddable":true,"href":"https:\/\/www.olinews.it\/mt\/index.php?rest_route=%2Fwp%2Fv2%2Ftags&post=952"}],"curies":[{"name":"wp","href":"https:\/\/api.w.org\/{rel}","templated":true}]}}