{"id":954,"date":"2006-11-08T18:17:39","date_gmt":"2006-11-08T18:17:39","guid":{"rendered":"http:\/\/www.comevedonoidaltonici.com\/wordpress\/?p=954"},"modified":"2006-11-08T18:17:39","modified_gmt":"2006-11-08T18:17:39","slug":"cornigliano-lattualita-politica-dellantifascismo","status":"publish","type":"post","link":"https:\/\/www.olinews.it\/mt\/?p=954","title":{"rendered":"<em>Cornigliano <\/em>&#8211; L&#8217;attualit\u00e0 politica dell&#8217;antifascismo"},"content":{"rendered":"<p>Abbiamo partecipato all&#8217;assemblea convocata presso la Sala chiamata. Oggetto: la manifestazione indetta da &#8220;Forza nuova&#8221; a Cornigliano (comizio di Fiore alle 17 di venerd\u00ec 3 in piazza Melis, poi spostato, sembra, in piazza Massena). &#8220;Forza nuova&#8221; \u00e8 organizzazione che attraverso le proprie modalit\u00e0 e simboli si dichiara apertamente fascista. Nonostante ci\u00f2, e quindi in spregio alla Costituzione, \u00e8 presente nel panorama politico italiano, ha sedi proprie, svolge attivit\u00e0 di promozione e reclutamento.<\/p>\n<p><!--more--><br \/>\nTutto ci\u00f2 \u00e8 una dimostrazione evidente dell&#8217;indebolimento della coscienza antifascista della societ\u00e0, quello stesso indebolimento che facilita il progressivo dilagare del revisionismo, teso non solo ad equiparare fascismo e antifascismo, ma addirittura, in qualche caso, a promuovere il primo riversando sul secondo le colpe della storia e della condizione attuale del Paese.<br \/>\nLo platea assembleare alla quale abbiamo partecipato rendeva bene lo specchio di questa situazione. Presenti un centinaio di persone, in prevalenza giovani appartenenti ai centri sociali. Nessuna organizzazione &#8220;storica&#8221; dell&#8217;antifascismo, neppure la memoria di un partigiano.<br \/>\nPer fortuna ci sono ragazze e ragazzi che propongono e si rendono disponibili per un&#8217;azione di volantinaggio diffuso. Proprio l\u00ec, a Cornigliano, al mercato e nelle strade. Perch\u00e9 &#8220;Forza nuova&#8221; usa l&#8217;argomento della Moschea come esca per le proprie scorribande. E lo fa perch\u00e9 sa che quell&#8217;argomento trova ascolto non soltanto nella beceraggine leghista e razzista, ma purtroppo anche in pezzi di popolo (altrimenti non si capirebbero le posizioni dei parroci; meno male che ci sono l&#8217;intelligenza e la generosit\u00e0 dei frati). E allora, l&#8217;azione antifascista deve cominciare proprio da l\u00ec, dall&#8217;informazione corretta, dalla sollecitazione di una coscienza diversa, meno supina alle nefandezze proposte da certa stampa e da molti canali televisivi. Deve cio\u00e8 diventare di massa, superando ogni logica di esibizionismo minoritario e identitario. Deve recuperare la presenza delle organizzazioni storiche. Deve fare politica e non l&#8217;imitazione delle curve.<br \/>\nQuesto si spera che si faccia. Per ottenere un risultato tanto impegnativo non bisogna lasciarli soli.<br \/>\n<em>(Giuliano Giuliani) <\/em><\/p>\n","protected":false},"excerpt":{"rendered":"<p>Abbiamo partecipato all&#8217;assemblea convocata presso la Sala chiamata. Oggetto: la manifestazione indetta da &#8220;Forza nuova&#8221; a Cornigliano (comizio di Fiore alle 17 di venerd\u00ec 3 in piazza Melis, poi spostato, sembra, in piazza Massena). &#8220;Forza nuova&#8221; \u00e8 organizzazione che attraverso le proprie modalit\u00e0 e simboli si dichiara apertamente fascista. Nonostante ci\u00f2, e quindi in spregio [&hellip;]<\/p>\n","protected":false},"author":1,"featured_media":0,"comment_status":"closed","ping_status":"closed","sticky":false,"template":"","format":"standard","meta":{"footnotes":""},"categories":[122],"tags":[],"class_list":["post-954","post","type-post","status-publish","format-standard","hentry","category-122"],"_links":{"self":[{"href":"https:\/\/www.olinews.it\/mt\/index.php?rest_route=\/wp\/v2\/posts\/954","targetHints":{"allow":["GET"]}}],"collection":[{"href":"https:\/\/www.olinews.it\/mt\/index.php?rest_route=\/wp\/v2\/posts"}],"about":[{"href":"https:\/\/www.olinews.it\/mt\/index.php?rest_route=\/wp\/v2\/types\/post"}],"author":[{"embeddable":true,"href":"https:\/\/www.olinews.it\/mt\/index.php?rest_route=\/wp\/v2\/users\/1"}],"replies":[{"embeddable":true,"href":"https:\/\/www.olinews.it\/mt\/index.php?rest_route=%2Fwp%2Fv2%2Fcomments&post=954"}],"version-history":[{"count":0,"href":"https:\/\/www.olinews.it\/mt\/index.php?rest_route=\/wp\/v2\/posts\/954\/revisions"}],"wp:attachment":[{"href":"https:\/\/www.olinews.it\/mt\/index.php?rest_route=%2Fwp%2Fv2%2Fmedia&parent=954"}],"wp:term":[{"taxonomy":"category","embeddable":true,"href":"https:\/\/www.olinews.it\/mt\/index.php?rest_route=%2Fwp%2Fv2%2Fcategories&post=954"},{"taxonomy":"post_tag","embeddable":true,"href":"https:\/\/www.olinews.it\/mt\/index.php?rest_route=%2Fwp%2Fv2%2Ftags&post=954"}],"curies":[{"name":"wp","href":"https:\/\/api.w.org\/{rel}","templated":true}]}}