{"id":957,"date":"2006-11-08T18:23:28","date_gmt":"2006-11-08T18:23:28","guid":{"rendered":"http:\/\/www.comevedonoidaltonici.com\/wordpress\/?p=957"},"modified":"2006-11-08T18:23:28","modified_gmt":"2006-11-08T18:23:28","slug":"festival-scienza-dibattito-sulluniversita-senza-professori","status":"publish","type":"post","link":"https:\/\/www.olinews.it\/mt\/?p=957","title":{"rendered":"<em>Festival Scienza <\/em>&#8211; Dibattito sull&#8217;Universit\u00e0 senza professori"},"content":{"rendered":"<p>Venerd\u00ec 3 novembre 2006. La sala \u00e8 quella della sconsacrata chiesa di San Salvatore di Piazza Sarzano, oggi diventata aula polivalente della facolt\u00e0 di Architettura. Pi\u00f9 di 300 posti a sedere di cui meno di una ventina risultano occupati.<\/p>\n<p><!--more--><br \/>\nEppure l&#8217;occasione era interessante: nella citt\u00e0 che promuove con successo il Festival della Scienza l&#8217;universit\u00e0 fa i conti con se stessa. E lo fa discutendo un bel libretto scritto da due matematici &#8211; &#8220;Ipotesi sull&#8217;universit\u00e0&#8221; (M. Giaquinta e A. Guerraggio, Codice Edizioni, 2006, euro 9,90) &#8211; che analizza gli effetti della cosiddetta riforma &#8220;3+2&#8221; varata nel 1999 dal centrosinistra. A sette anni dell&#8217;introduzione della riforma le indicazioni che emergono sono che &#8220;la riforma ha vinto la scommessa sui numeri (quelli delle immatricolazioni e degli iscritti all&#8217;universit\u00e0), ma ha fallito nel rinnovare e stimolare l&#8217;interesse dei giovani nei confronti dell&#8217;universit\u00e0&#8221;. L&#8217;universit\u00e0 offre ai giovani un prodotto di bassa qualit\u00e0 e dove il classico binomio &#8220;didattica e ricerca&#8221; \u00e8 stato sostituito da &#8220;didattica e governance&#8221;.<br \/>\nGli autori della riforma &#8211; \u00e8 la tesi del libro &#8211; non hanno &#8220;creduto alla politica&#8221; e hanno lasciato la riforma in mano a pochi addetti diventati unici interpreti dei farraginosi meccanismi di applicazione e teorici del numero massimo di pagine da leggere per preparare un esame (&#8220;non un&#8217;ora di pi\u00f9 alle canoniche 25 ore di impegno dello studente per ogni credito assegnato&#8221;) con conseguenze deleterie sul livello degli studi.<br \/>\nNicola Tranfaglia, deputato e membro della Commissione cultura, scienza e istruzione della Camera, uno dei relatori (con Massimo Mugnai e Giunio Luzzatto), ha pronunciato le parole pi\u00f9 inquietanti. Che il centrosinistra ha pasticciato molto (modello anglosassone ecc.) ma ancora oggi, e malgrado la lunga esperienza fatta, non ha maturato un&#8217;idea su quale universit\u00e0 vuole. Sia Tranfaglia che Luzzatto e Mugnai hanno espresso preoccupazione per il quadro generale in cui il processo di riforma si \u00e8 attuato. Un quadro dove alla incapacit\u00e0 politica di accompagnare una proposta di riforma si \u00e8 aggiunto il disinteresse degli operatori (indifferenza, disillusione?) e il gioco dei veti incrociati delle diverse corporazioni che operano all&#8217;interno dell&#8217;universit\u00e0.<br \/>\nIgnorato dalla stampa locale, l&#8217;evento &#8220;Presente e futuro dell&#8217;universit\u00e0 italiana&#8221; certo non comparir\u00e0 nella graduatoria delle tavole rotonde pi\u00f9 seguite del Festival della Scienza 2006. Pochissime persone e, fuorch\u00e9 gli oratori e qualche amico, nessun universitario.<br \/>\n<em>(Oscar Itzcovich)<\/em><\/p>\n","protected":false},"excerpt":{"rendered":"<p>Venerd\u00ec 3 novembre 2006. La sala \u00e8 quella della sconsacrata chiesa di San Salvatore di Piazza Sarzano, oggi diventata aula polivalente della facolt\u00e0 di Architettura. Pi\u00f9 di 300 posti a sedere di cui meno di una ventina risultano occupati.<\/p>\n","protected":false},"author":1,"featured_media":0,"comment_status":"closed","ping_status":"closed","sticky":false,"template":"","format":"standard","meta":{"footnotes":""},"categories":[122,16,23],"tags":[],"class_list":["post-957","post","type-post","status-publish","format-standard","hentry","category-122","category-cultura","category-scuola-e-universita"],"_links":{"self":[{"href":"https:\/\/www.olinews.it\/mt\/index.php?rest_route=\/wp\/v2\/posts\/957","targetHints":{"allow":["GET"]}}],"collection":[{"href":"https:\/\/www.olinews.it\/mt\/index.php?rest_route=\/wp\/v2\/posts"}],"about":[{"href":"https:\/\/www.olinews.it\/mt\/index.php?rest_route=\/wp\/v2\/types\/post"}],"author":[{"embeddable":true,"href":"https:\/\/www.olinews.it\/mt\/index.php?rest_route=\/wp\/v2\/users\/1"}],"replies":[{"embeddable":true,"href":"https:\/\/www.olinews.it\/mt\/index.php?rest_route=%2Fwp%2Fv2%2Fcomments&post=957"}],"version-history":[{"count":0,"href":"https:\/\/www.olinews.it\/mt\/index.php?rest_route=\/wp\/v2\/posts\/957\/revisions"}],"wp:attachment":[{"href":"https:\/\/www.olinews.it\/mt\/index.php?rest_route=%2Fwp%2Fv2%2Fmedia&parent=957"}],"wp:term":[{"taxonomy":"category","embeddable":true,"href":"https:\/\/www.olinews.it\/mt\/index.php?rest_route=%2Fwp%2Fv2%2Fcategories&post=957"},{"taxonomy":"post_tag","embeddable":true,"href":"https:\/\/www.olinews.it\/mt\/index.php?rest_route=%2Fwp%2Fv2%2Ftags&post=957"}],"curies":[{"name":"wp","href":"https:\/\/api.w.org\/{rel}","templated":true}]}}