{"id":963,"date":"2006-11-16T10:20:20","date_gmt":"2006-11-16T10:20:20","guid":{"rendered":"http:\/\/www.comevedonoidaltonici.com\/wordpress\/?p=963"},"modified":"2006-11-16T10:20:20","modified_gmt":"2006-11-16T10:20:20","slug":"acciaierie-vivere-a-cornigliano-romanza-incompleta","status":"publish","type":"post","link":"https:\/\/www.olinews.it\/mt\/?p=963","title":{"rendered":"<em>Acciaierie <\/em>&#8211; Vivere a Cornigliano, romanza incompleta"},"content":{"rendered":"<p>All&#8217;opera la romanza \u00e8 il momento pi\u00f9 atteso. Corale, o assolo \u00e8 l&#8217;attimo in cui sentimenti dei personaggi si rivolgono al pubblico, in un abbraccio unico. E&#8217; l&#8217;aria pi\u00f9 nota, conosciuta a bambini e anziani, fischiettata per strada.<\/p>\n<p><!--more--><br \/>\n<strong>Patrizia Avagnina<\/strong> e <strong>Donatella Alfonso<\/strong> sono partite da qui per scrivere il loro libro su Cornigliano, da un coro di donne che si \u00e8 levato per le strade del quartiere sin dal 1965. Lo spunto una tesi universitaria scritta dalla prima, sulla sua esperienza per affermare, con molte altre, il diritto alla salute del suo quartiere. Il loro libro &#8220;Romanza popolare. Cornigliano, una storia corale&#8221; (Edizioni De Ferrari, 2006, euro 20,00) \u00e8 il racconto di quello che Cornigliano era e di ci\u00f2 che \u00e8 diventata e della fatica di vivere in un luogo dove il fumo avvolgeva tutto, fino ad annerire cielo, cibo nel piatto o lavoro a maglia di una nonna. E&#8217; ci\u00f2 che accade accidentalmente, ci\u00f2 con cui dovresti convivere, malgrado tutto, perch\u00e9 crea occupazione, ma a cui, ad un certo punto, ti devi opporre con tutte le tue forze, perch\u00e9 fa male. Fa male a chi ci lavora e a chi ci abita.<br \/>\nIl libro \u00e8 la storia di un&#8217;opera impossibile in questo paese, \u00e8 il resoconto di una trattativa nella quale la mediazione politica cerca disperatamente di far convivere i due bisogni &#8211; lavoro e salute &#8211; senza avere alternative percorribili da proporre, perch\u00e9 incapace di produrre idee. In effetti la Cornigliano negata, quella delle spiagge, degli stabilimenti, di villa Raggio, spinge disperatamente nell&#8217;immaginario di chi, quel quartiere, lo ricorda bambino, lo rimpiange, lo rivuole per s\u00e9 e oggi arriva a sognare un porticciolo pur di aver accesso ad un pezzo di mare.<br \/>\nMolto documentato su accordi, passaggi societari delle acciaierie, nascita dei comitati, &#8220;Romanza Popolare&#8221; lascia un vuoto rispetto alle voci, non dei politici, non del comitato, ma dei singoli che ne hanno fatto parte e di coloro che vi si sono opposti. Le acciaierie dei 12 mila operai diventano di Riva e del sindacato, incarnando un nemico a due facce. Loro, quelli che ci lavoravano, spesso figli, mariti, padri delle donne di Cornigliano, sembra vadano raccontati a parte. In un&#8217;altra storia. Che \u00e8 in fondo la strada percorsa. Che ha prodotto, e continua a creare incertezza nei pochi lavoratori rimasti, in quelli in cassa integrazione, e nel quartiere stesso, dove i cittadini devono ancora capire cosa sar\u00e0 di loro.<br \/>\nLa romanza corale non \u00e8 mai stata scritta. Ma questa vicenda, con i suoi sogni, \u00e8 davvero appartenuta a tutti?<br \/>\n<em>(Giulia Parodi)<\/em><\/p>\n","protected":false},"excerpt":{"rendered":"<p>All&#8217;opera la romanza \u00e8 il momento pi\u00f9 atteso. Corale, o assolo \u00e8 l&#8217;attimo in cui sentimenti dei personaggi si rivolgono al pubblico, in un abbraccio unico. E&#8217; l&#8217;aria pi\u00f9 nota, conosciuta a bambini e anziani, fischiettata per strada.<\/p>\n","protected":false},"author":1,"featured_media":0,"comment_status":"closed","ping_status":"closed","sticky":false,"template":"","format":"standard","meta":{"footnotes":""},"categories":[123,8],"tags":[],"class_list":["post-963","post","type-post","status-publish","format-standard","hentry","category-123","category-lavoro"],"_links":{"self":[{"href":"https:\/\/www.olinews.it\/mt\/index.php?rest_route=\/wp\/v2\/posts\/963","targetHints":{"allow":["GET"]}}],"collection":[{"href":"https:\/\/www.olinews.it\/mt\/index.php?rest_route=\/wp\/v2\/posts"}],"about":[{"href":"https:\/\/www.olinews.it\/mt\/index.php?rest_route=\/wp\/v2\/types\/post"}],"author":[{"embeddable":true,"href":"https:\/\/www.olinews.it\/mt\/index.php?rest_route=\/wp\/v2\/users\/1"}],"replies":[{"embeddable":true,"href":"https:\/\/www.olinews.it\/mt\/index.php?rest_route=%2Fwp%2Fv2%2Fcomments&post=963"}],"version-history":[{"count":0,"href":"https:\/\/www.olinews.it\/mt\/index.php?rest_route=\/wp\/v2\/posts\/963\/revisions"}],"wp:attachment":[{"href":"https:\/\/www.olinews.it\/mt\/index.php?rest_route=%2Fwp%2Fv2%2Fmedia&parent=963"}],"wp:term":[{"taxonomy":"category","embeddable":true,"href":"https:\/\/www.olinews.it\/mt\/index.php?rest_route=%2Fwp%2Fv2%2Fcategories&post=963"},{"taxonomy":"post_tag","embeddable":true,"href":"https:\/\/www.olinews.it\/mt\/index.php?rest_route=%2Fwp%2Fv2%2Ftags&post=963"}],"curies":[{"name":"wp","href":"https:\/\/api.w.org\/{rel}","templated":true}]}}