{"id":975,"date":"2006-11-22T10:07:04","date_gmt":"2006-11-22T10:07:04","guid":{"rendered":"http:\/\/www.comevedonoidaltonici.com\/wordpress\/?p=975"},"modified":"2006-11-22T10:07:04","modified_gmt":"2006-11-22T10:07:04","slug":"urbanistica2-una-spallata-che-scuote-le-lobby-del-cemento","status":"publish","type":"post","link":"https:\/\/www.olinews.it\/mt\/?p=975","title":{"rendered":"<em>Urbanistica\/2<\/em> &#8211; Una spallata che scuote le lobby del cemento"},"content":{"rendered":"<p>Il <em>Corriere Mercantile<\/em> in questi giorni ospita un acceso dibattito sull&#8217;urbanistica in citt\u00e0 e sul futuro sindaco. Lo provoca l&#8217;architetto Giovanni Spalla con una intervista (15 novembre): &#8220;L&#8217;amministrazione comunale deve modificare radicalmente le politiche di gestione del territorio e io credo che l&#8217;unica persona in grado di portare aria nuova a Palazzo Tursi e di mettere al centro la cultura del territorio sia Marta Vincenzi&#8221;. Servono forti segnali di discontinuit\u00e0 perch\u00e9 &#8211; afferma Spalla &#8211; il Comune deve tutelare il patrimonio pubblico nell&#8217;interesse di tutti i cittadini, mentre adesso \u00e8 alla merc\u00e9 dei privati.<\/p>\n<p><!--more--><br \/>\nEsempi? Il modo in cui \u00e8 stata applicata la norma del Piano urbanistico comunale (Puc) sul trasferimento di volumi, per cui sarebbero i privati a decidere dove e che cosa demolire e costruire, le trattative che l&#8217;assessore Margini avrebbe aperto con le Ferrovie (costruzione di un grattacielo vicino al Palazzo del Principe), le pressi oni improprie esercitate dal presidente della regione Burlando per trasferire la facolt\u00e0 di Ingegneria agli Erzelli. Immediata la replica dei diretti interessati.<br \/>\nL&#8217;assessore allo sviluppo economico Mario Margini dice che serve &#8220;l&#8217;innovazione, non la discontinuit\u00e0&#8221;, vede &#8220;il rapporto fra pubblico e privato in un equilibrio di interessi&#8221; e smentisce l&#8217;accusa di permettere alle Ferrovie la costruzione del grattacielo (&#8220;ho detto che su quella proposta non eravamo d&#8217;accordo&#8221;). L&#8217;ente pubblico non deve avere un ruolo dirigistico rispetto ai privati, ma osserva che \u00e8 stata l&#8217;amministrazione comunale a scegliere di spostare il baricentro della citt\u00e0 a ponente, attraverso le operazioni di Iit, Erzelli e delle aree di Cornigliano. In questa scelta si sono poi inserite anche proposte di privati. Sugli Erzelli &#8220;so che c&#8217;\u00e8 chi adombra il rischio che questa operazione possa &#8220;debordare&#8221; dal punto di vista immobiliare: rischi ovviamente ce ne sono e bisogna vigilare&#8221; (17 novembre).<br \/>\nL&#8217;assessore all&#8217;urbanistica Bruno Gabrielli risponde duramente alle affermazioni di Spalla: &#8220;Sono affermazioni gravi, prive di alcun sostegno di dati di fatto&#8221;. Respinge che ci siano scelte localizzative fatte sotto la pressione dei proprietari delle aree: &#8220;un falso senza dimostrazione alcuna&#8221;. La norma sul trasferimento di volumi (correlata al PUC adottato nel 1997) &#8220;\u00e8 una norma costruita a favore della collettivit\u00e0 e aggiunge che si potevano adottare altre ipotesi pianificatorie , ma si \u00e8 dovuto gestire ci\u00f2 che era stato gi\u00e0 deciso.<br \/>\nUltimo (per ora) a entrare nel dibattito \u00e8 Andrea Agostini (Lega ambiente) che accusa l&#8217;amministrazione di fare un uso distorto della delibera del Comune sul trasferimento dei volumi e denuncia che il provvedimento che dimezza la volumetria trasferibile \u00e8 stato fatto con un incomprensibile ritardo &#8220;che nei fatti ha tutelato gli speculatori&#8221;, svuotandolo di sostanza. Per quanto riguarda la vicenda degli Erzelli, Agostini ricorda che &#8220;la nostra associazione ha paventato l&#8217;ennesima operazione speculativa in un&#8217;area delicata del ponente genovese e nei fatti, di variazione in variazione, la faccenda ha preso quella piega: niente nuova occupazione di qualit\u00e0, niente parco urbano pi\u00f9 grande della citt\u00e0, supermercati e residenze gestite dalle solite immobiliari milanesi e, tocco finale, necessit\u00e0 di trasferire Ingegneria agli Erzelli con notevolissimi costi aggiuntivi per il pubblico erario&#8221; (18 novembre).<br \/>\n<em><strong>Oscar Itzcovich<\/strong><\/em><\/p>\n","protected":false},"excerpt":{"rendered":"<p>Il Corriere Mercantile in questi giorni ospita un acceso dibattito sull&#8217;urbanistica in citt\u00e0 e sul futuro sindaco. Lo provoca l&#8217;architetto Giovanni Spalla con una intervista (15 novembre): &#8220;L&#8217;amministrazione comunale deve modificare radicalmente le politiche di gestione del territorio e io credo che l&#8217;unica persona in grado di portare aria nuova a Palazzo Tursi e di [&hellip;]<\/p>\n","protected":false},"author":1,"featured_media":0,"comment_status":"closed","ping_status":"closed","sticky":false,"template":"","format":"standard","meta":{"footnotes":""},"categories":[124,20,10],"tags":[],"class_list":["post-975","post","type-post","status-publish","format-standard","hentry","category-124","category-citta","category-politica"],"_links":{"self":[{"href":"https:\/\/www.olinews.it\/mt\/index.php?rest_route=\/wp\/v2\/posts\/975","targetHints":{"allow":["GET"]}}],"collection":[{"href":"https:\/\/www.olinews.it\/mt\/index.php?rest_route=\/wp\/v2\/posts"}],"about":[{"href":"https:\/\/www.olinews.it\/mt\/index.php?rest_route=\/wp\/v2\/types\/post"}],"author":[{"embeddable":true,"href":"https:\/\/www.olinews.it\/mt\/index.php?rest_route=\/wp\/v2\/users\/1"}],"replies":[{"embeddable":true,"href":"https:\/\/www.olinews.it\/mt\/index.php?rest_route=%2Fwp%2Fv2%2Fcomments&post=975"}],"version-history":[{"count":0,"href":"https:\/\/www.olinews.it\/mt\/index.php?rest_route=\/wp\/v2\/posts\/975\/revisions"}],"wp:attachment":[{"href":"https:\/\/www.olinews.it\/mt\/index.php?rest_route=%2Fwp%2Fv2%2Fmedia&parent=975"}],"wp:term":[{"taxonomy":"category","embeddable":true,"href":"https:\/\/www.olinews.it\/mt\/index.php?rest_route=%2Fwp%2Fv2%2Fcategories&post=975"},{"taxonomy":"post_tag","embeddable":true,"href":"https:\/\/www.olinews.it\/mt\/index.php?rest_route=%2Fwp%2Fv2%2Ftags&post=975"}],"curies":[{"name":"wp","href":"https:\/\/api.w.org\/{rel}","templated":true}]}}