{"id":976,"date":"2006-11-22T10:09:34","date_gmt":"2006-11-22T10:09:34","guid":{"rendered":"http:\/\/www.comevedonoidaltonici.com\/wordpress\/?p=976"},"modified":"2006-11-22T10:09:34","modified_gmt":"2006-11-22T10:09:34","slug":"urbanistica1-pervicacia-dei-palazzinari-e-debolezza-dei-cittadini","status":"publish","type":"post","link":"https:\/\/www.olinews.it\/mt\/?p=976","title":{"rendered":"<em>Urbanistica\/1<\/em> &#8211; Pervicacia dei palazzinari e debolezza dei cittadini"},"content":{"rendered":"<p>Lo scontro ideologico e culturale innescato dalla norma del Piano urbanistico comunale (Puc) che consente il trasferimento di volumi edilizi da una parte all&#8217;altra della citt\u00e0 ci appare deformato dalla insistenza con cui vengono riproposti i progetti pi\u00f9 contestati. Poco si sa di tutti gli altri e sarebbe corretto e urgente che l&#8217;Amministrazione comunale diramasse una nota esaustiva con l&#8217;elenco di tutte le autorizzazioni a cui intende dare corso. Le esternazioni apparse sui recenti numeri del <I>Corriere Mercantile<\/I> sono anche venate di interesse politico e il lettore pu\u00f2 pensare che l&#8217;intera faccenda abbia un aspetto puramente ideologico.<\/p>\n<p><!--more--><br \/>\n<img decoding=\"async\" src=\"http:\/\/www.olinews.it\/mt\/images\/Uliveto.jpg\" width=450 height=450 align=left vspace=5 hspace=5>Invece qui si tratta proprio di incidere pesantemente, e per sempre, sull&#8217;aspetto fisico della citt\u00e0. Il risultato delle schermaglie dunque non sar\u00e0 solo una variazione nelle percentuali elettorali dei contendenti, ma anche una deformazione del tessuto urbano ed un&#8217;affermazione dell&#8217;interesse speculativo.<br \/>\nA guidare le scelte, infatti, non c&#8217;\u00e9 un interesse pubblico. Se cos\u00ec fosse, non ci sarebbe bisogno di modificare il Puc del 2000. Il Puc \u00e8 un piano urbanistico &#8220;vecchio&#8221; solo di cinque anni, eppure le sue indicazioni appaiono gi\u00e0 superate visto che i volumi che si vorrebbero costruire sono piazzati, nei due casi pi\u00f9 contestati, in aree destinate a servizi pubblici. Nel caso dell&#8217;uliveto di Quinto, poi, sembra di assistere ad una ostentazione minacciosa del potere. Infatti a contestare la nuova edificazione non c&#8217;\u00e9 solo il comitato (che su quell&#8217;area vorrebbe vedere un servizio culturale connesso alla tradizione rurale del sito) ma per ben due volte c&#8217;\u00e9 stato il parere negativo del Consiglio di Circoscrizione IX Levante, che ha bocciato sia il progetto che la sua variante, poi c&#8217;\u00e9 stato un Odg firmato da consiglieri comunali di tutti i gruppi, poi le perplessit\u00e0 delle Soprintendenze e della Regione, poi la dimostrazione d&#8217;interesse della Direzione Cultura Sport e Turismo dello stesso Comune di Genova!<br \/>\n<em><strong>Rinaldo Luccardini<\/strong><\/em><\/p>\n","protected":false},"excerpt":{"rendered":"<p>Lo scontro ideologico e culturale innescato dalla norma del Piano urbanistico comunale (Puc) che consente il trasferimento di volumi edilizi da una parte all&#8217;altra della citt\u00e0 ci appare deformato dalla insistenza con cui vengono riproposti i progetti pi\u00f9 contestati. Poco si sa di tutti gli altri e sarebbe corretto e urgente che l&#8217;Amministrazione comunale diramasse [&hellip;]<\/p>\n","protected":false},"author":1,"featured_media":0,"comment_status":"closed","ping_status":"closed","sticky":false,"template":"","format":"standard","meta":{"footnotes":""},"categories":[124,20],"tags":[],"class_list":["post-976","post","type-post","status-publish","format-standard","hentry","category-124","category-citta"],"_links":{"self":[{"href":"https:\/\/www.olinews.it\/mt\/index.php?rest_route=\/wp\/v2\/posts\/976","targetHints":{"allow":["GET"]}}],"collection":[{"href":"https:\/\/www.olinews.it\/mt\/index.php?rest_route=\/wp\/v2\/posts"}],"about":[{"href":"https:\/\/www.olinews.it\/mt\/index.php?rest_route=\/wp\/v2\/types\/post"}],"author":[{"embeddable":true,"href":"https:\/\/www.olinews.it\/mt\/index.php?rest_route=\/wp\/v2\/users\/1"}],"replies":[{"embeddable":true,"href":"https:\/\/www.olinews.it\/mt\/index.php?rest_route=%2Fwp%2Fv2%2Fcomments&post=976"}],"version-history":[{"count":0,"href":"https:\/\/www.olinews.it\/mt\/index.php?rest_route=\/wp\/v2\/posts\/976\/revisions"}],"wp:attachment":[{"href":"https:\/\/www.olinews.it\/mt\/index.php?rest_route=%2Fwp%2Fv2%2Fmedia&parent=976"}],"wp:term":[{"taxonomy":"category","embeddable":true,"href":"https:\/\/www.olinews.it\/mt\/index.php?rest_route=%2Fwp%2Fv2%2Fcategories&post=976"},{"taxonomy":"post_tag","embeddable":true,"href":"https:\/\/www.olinews.it\/mt\/index.php?rest_route=%2Fwp%2Fv2%2Ftags&post=976"}],"curies":[{"name":"wp","href":"https:\/\/api.w.org\/{rel}","templated":true}]}}