{"id":985,"date":"2006-11-29T09:54:24","date_gmt":"2006-11-29T09:54:24","guid":{"rendered":"http:\/\/www.comevedonoidaltonici.com\/wordpress\/?p=985"},"modified":"2006-11-29T09:54:24","modified_gmt":"2006-11-29T09:54:24","slug":"carige2-carote-e-bastone-per-i-giornalisti","status":"publish","type":"post","link":"https:\/\/www.olinews.it\/mt\/?p=985","title":{"rendered":"<em>Carige\/2 <\/em>&#8211; Carote e bastone per i giornalisti"},"content":{"rendered":"<p><em>L&#8217;Ansa (Agenzia nazionale stampa associata) ha diramato nei giorni scorsi la seguente nota che &#8211; salvo errori &#8211; non \u00e8 stata pubblicata da alcun giornale. <\/em><br \/>\n&#8220;\u00c8 lecito fare del giornalismo investigativo e interessarsi delle vicende di un istituto bancario e di una fondazione, come accaduto nel caso della Carige? \u00c8 giusto, \u00e8 lecito e si potrebbe anche dire, citando il Vangelo, che \u00e8 cosa buona e giusta&#8221;. E\u00b4 il commento di Marcello Zinola, segretario dell&#8217;Associazione ligure dei giornalisti e della giunta del sindacato stesso, in merito alle iniziative della banca e della Fondazione Carige che hanno presentato esposti e annunciato querele contro i giornalisti.<\/p>\n<p><!--more--><br \/>\n&#8220;Perch\u00e9 non \u00e8 accettabile la reazione di chi (Carige) &#8211; prosegue Zinola &#8211; ha citato in giudizio per i danni di immagine provocati, chi ha `toccato\u00b4 il santuario delle banche liguri e chi ha ripreso le notizie di quella inchiesta&#8221;.<br \/>\n&#8220;Tutto nasce &#8211; spiega Zinola &#8211; dall&#8217; inchiesta giornalistica pubblicata sull&#8217; inserto di economia del luned\u00ec del <em>Corriere della Sera<\/em>: al collega, autore dell&#8217; inchiesta, e al <em>Corriere della Sera<\/em> va la solidariet\u00e0, non solo di principio, dell&#8217;Associazione ligure dei giornalisti. Perch\u00e9 sono inaccettabili gli attacchi al collega e al giornale protagonisti della vicenda&#8221;. &#8220;Non toccare i poteri forti? No, meglio toccarli &#8211; aggiunge &#8211; tutti senza timore e con la logica del non cantare tutti in coro davanti all&#8217; altarino di turno&#8221;.<br \/>\nZinola sottolinea ancora che: &#8220;la magistratura, dopo la pubblicazione dell&#8217; inchiesta, ha aperto un&#8217; inchiesta. Il sindaco di Genova Giuseppe Pericu ha chiesto un&#8217;indagine interna. La Carige ha presentato proprie denunce all&#8217; autorit\u00e0 giudiziaria&#8221;. &#8220;\u00c8 lecito che la Carige abbia agito come meglio ha ritenuto di fare &#8211; conclude -. Ma preoccupano il tipo di reazione, i giudizi che sono stati espressi, e deve fare riflettere anche il fatto che un&#8217; indagine giornalistica di questo tipo sia arrivata da un giornale senza presenze dirette nella realt\u00e0 ligure&#8221;.<br \/>\n<em>Sono cambiati i tempi, si capisce, e anche i modi. Qualche anno fa, nell&#8217;agosto del 2003, la Carige aveva regalato ai giornalisti presenti ad una sua conferenza stampa un bell&#8217;orologio Lorenz. Un gesto che l&#8217;Associazione Ligure dei giornalisti aveva stigmatizzato. La speranza, scriveva l&#8217;Associazione, era che si fosse trattato solo di una isolata caduta di stile. Purtroppo, la caduta non \u00e8 rimasta isolata e, viste le recenti minacce &#8211; sotto forma di esposti e querele &#8211; di Carige e Fondazione contro i giornalisti rei di occuparsi di loro, si pu\u00f2 osservare che invece lo stile \u00e8 cambiato. Carote e bastone. <\/em><br \/>\n<em>(Oscar Itzcovich)<\/em><\/p>\n","protected":false},"excerpt":{"rendered":"<p>L&#8217;Ansa (Agenzia nazionale stampa associata) ha diramato nei giorni scorsi la seguente nota che &#8211; salvo errori &#8211; non \u00e8 stata pubblicata da alcun giornale. &#8220;\u00c8 lecito fare del giornalismo investigativo e interessarsi delle vicende di un istituto bancario e di una fondazione, come accaduto nel caso della Carige? \u00c8 giusto, \u00e8 lecito e si [&hellip;]<\/p>\n","protected":false},"author":1,"featured_media":0,"comment_status":"closed","ping_status":"closed","sticky":false,"template":"","format":"standard","meta":{"footnotes":""},"categories":[125,13],"tags":[],"class_list":["post-985","post","type-post","status-publish","format-standard","hentry","category-125","category-informazione"],"_links":{"self":[{"href":"https:\/\/www.olinews.it\/mt\/index.php?rest_route=\/wp\/v2\/posts\/985","targetHints":{"allow":["GET"]}}],"collection":[{"href":"https:\/\/www.olinews.it\/mt\/index.php?rest_route=\/wp\/v2\/posts"}],"about":[{"href":"https:\/\/www.olinews.it\/mt\/index.php?rest_route=\/wp\/v2\/types\/post"}],"author":[{"embeddable":true,"href":"https:\/\/www.olinews.it\/mt\/index.php?rest_route=\/wp\/v2\/users\/1"}],"replies":[{"embeddable":true,"href":"https:\/\/www.olinews.it\/mt\/index.php?rest_route=%2Fwp%2Fv2%2Fcomments&post=985"}],"version-history":[{"count":0,"href":"https:\/\/www.olinews.it\/mt\/index.php?rest_route=\/wp\/v2\/posts\/985\/revisions"}],"wp:attachment":[{"href":"https:\/\/www.olinews.it\/mt\/index.php?rest_route=%2Fwp%2Fv2%2Fmedia&parent=985"}],"wp:term":[{"taxonomy":"category","embeddable":true,"href":"https:\/\/www.olinews.it\/mt\/index.php?rest_route=%2Fwp%2Fv2%2Fcategories&post=985"},{"taxonomy":"post_tag","embeddable":true,"href":"https:\/\/www.olinews.it\/mt\/index.php?rest_route=%2Fwp%2Fv2%2Ftags&post=985"}],"curies":[{"name":"wp","href":"https:\/\/api.w.org\/{rel}","templated":true}]}}