{"id":986,"date":"2006-11-29T09:59:04","date_gmt":"2006-11-29T09:59:04","guid":{"rendered":"http:\/\/www.comevedonoidaltonici.com\/wordpress\/?p=986"},"modified":"2006-11-29T09:59:04","modified_gmt":"2006-11-29T09:59:04","slug":"carige1-se-i-controllori-bancari-sono-tra-i-controllati","status":"publish","type":"post","link":"https:\/\/www.olinews.it\/mt\/?p=986","title":{"rendered":"<em>Carige\/1<\/em> &#8211; Se i controllori bancari sono tra i controllati"},"content":{"rendered":"<p>Minacciare querele e denunce per aggiotaggio per scagionarsi dalle accuse non paga. Se qualcuno voleva una conferma, l&#8217;ha trovato sul <em>Corriere della Sera<\/em> e su il Sole 24 Ore del 23 novembre scorso (servizi ripresi il 24 da <em>Repubblica-Lavoro<\/em>). Sul Sole O. Carabini (&#8220;Se l&#8217;indipendente diventa manager&#8221;) scrive:&#8221;Quello delle banche quotate italiane sembra il paradiso della corporate governance. Con tanti bravi professionisti &#8220;terzi&#8221; a vigilare sulla attivit\u00e0 del management, a evitare l&#8217;insorgere di conflitti di interessi, a tutelare tutti gli azionisti (non solo quelli di maggioranza), a verificare il profilo dei rischi e il rispetto dei requisiti patrimoniali. Purtroppo per\u00f2 c&#8217;\u00e8 qualche ombra che oscura questa situazione apparentemente idilliaca. Troppo spesso gli amministratori definiti indipendenti ricoprono importanti cariche in societ\u00e0 controllate dalla banca capogruppo&#8230; Cos\u00ec come \u00e8 un&#8217;ombra la partecipazione degli ammin istratori indipendenti al comitato esecutivo della banca e quindi il loro coinvolgimento diretto nella gestione&#8221;.<\/p>\n<p><!--more--><br \/>\nE tanto, per essere pi\u00f9 chiari, aggiunge: &#8220;E&#8217; singolare peraltro che siano qualificati come indipendenti personaggi che all&#8217;interno della banca sono il management. Basta pensare a Giovanni Berneschi e Ferdinando Menconi, presidente e consigliere di Carige&#8230;&#8221;.<br \/>\nPi\u00f9 insinuante il Corriere: &#8220;Carige, l&#8217;Isvap e il consigliere Scandroglio. Il coordinatore regionale di Forza Italia e quel filo con il capo delle assicurazioni del gruppo&#8221;. Michele Scandroglio nominato da Scaiola coordinatore di Forza Italia in Liguria &#8211; scrive M. Gerevini &#8211; \u00e8 anche consigliere dell&#8217;Isvap (a 90 mila euro l&#8217;anno), l&#8217;Autorit\u00e0 che in Italia vigila sulle assicurazioni e che in queste settimane sta conducendo una ispezione sulle societ\u00e0 del gruppo Carige (di cui il fratello di Scaiola \u00e8 vicepresidente!).<br \/>\n&#8220;Li abbiamo chiamati noi&#8221;, avevano dichiarato Berneschi e Menconi. Non \u00e8 vero hanno replicato all&#8217;Isvap! Ma non si tratta di sapere chi dice la bugia. La cosa importante \u00e8 che Scandroglio occupa anche altre poltrone: ad esempio nella Salt (autostrada ligure toscana) di Marcellino Gavio che \u00e8 anche un grosso azionista di Carige, e nella meno nota A&#038;T, una societ\u00e0 privata che si occupa di gestione del credito. Di questa societ\u00e0 era una importante azionista la moglie di Menconi fino a quando vendette tutto a una finanziaria lussemburghese &#8211; azionista di maggioranza (60%) della societ\u00e0 &#8211; posseduta da societ\u00e0 schermo di Panama e Isole Vergini ma con domicilio fiscale a Genova. In attesa di saperne di pi\u00f9 sul titolare del pacchetto di maggioranza resta il fatto che il profilo di Scandroglio, sicuramente adatto ad un coordinatore di Forza Italia, non sembra compatibile con quello di un ispettore dell&#8217;Isvap che vigila sulle attivit\u00e0 assicurative di Carige.<br \/>\n<em>(Manlio Calegari)<\/em><\/p>\n","protected":false},"excerpt":{"rendered":"<p>Minacciare querele e denunce per aggiotaggio per scagionarsi dalle accuse non paga. Se qualcuno voleva una conferma, l&#8217;ha trovato sul Corriere della Sera e su il Sole 24 Ore del 23 novembre scorso (servizi ripresi il 24 da Repubblica-Lavoro). Sul Sole O. Carabini (&#8220;Se l&#8217;indipendente diventa manager&#8221;) scrive:&#8221;Quello delle banche quotate italiane sembra il paradiso [&hellip;]<\/p>\n","protected":false},"author":1,"featured_media":0,"comment_status":"closed","ping_status":"closed","sticky":false,"template":"","format":"standard","meta":{"footnotes":""},"categories":[125,10],"tags":[],"class_list":["post-986","post","type-post","status-publish","format-standard","hentry","category-125","category-politica"],"_links":{"self":[{"href":"https:\/\/www.olinews.it\/mt\/index.php?rest_route=\/wp\/v2\/posts\/986","targetHints":{"allow":["GET"]}}],"collection":[{"href":"https:\/\/www.olinews.it\/mt\/index.php?rest_route=\/wp\/v2\/posts"}],"about":[{"href":"https:\/\/www.olinews.it\/mt\/index.php?rest_route=\/wp\/v2\/types\/post"}],"author":[{"embeddable":true,"href":"https:\/\/www.olinews.it\/mt\/index.php?rest_route=\/wp\/v2\/users\/1"}],"replies":[{"embeddable":true,"href":"https:\/\/www.olinews.it\/mt\/index.php?rest_route=%2Fwp%2Fv2%2Fcomments&post=986"}],"version-history":[{"count":0,"href":"https:\/\/www.olinews.it\/mt\/index.php?rest_route=\/wp\/v2\/posts\/986\/revisions"}],"wp:attachment":[{"href":"https:\/\/www.olinews.it\/mt\/index.php?rest_route=%2Fwp%2Fv2%2Fmedia&parent=986"}],"wp:term":[{"taxonomy":"category","embeddable":true,"href":"https:\/\/www.olinews.it\/mt\/index.php?rest_route=%2Fwp%2Fv2%2Fcategories&post=986"},{"taxonomy":"post_tag","embeddable":true,"href":"https:\/\/www.olinews.it\/mt\/index.php?rest_route=%2Fwp%2Fv2%2Ftags&post=986"}],"curies":[{"name":"wp","href":"https:\/\/api.w.org\/{rel}","templated":true}]}}