{"id":991,"date":"2006-12-06T11:02:41","date_gmt":"2006-12-06T11:02:41","guid":{"rendered":"http:\/\/www.comevedonoidaltonici.com\/wordpress\/?p=991"},"modified":"2006-12-06T11:02:41","modified_gmt":"2006-12-06T11:02:41","slug":"acna-di-cengio-prima-i-veleni-ora-il-bidone","status":"publish","type":"post","link":"https:\/\/www.olinews.it\/mt\/?p=991","title":{"rendered":"<em>Acna di Cengio<\/em> &#8211; Prima i veleni ora il bidone"},"content":{"rendered":"<p><img loading=\"lazy\" decoding=\"async\" src=\"http:\/\/www.olinews.it\/mt\/images\/ambientes.jpg\" alt=\"\" height=\"150\" width=\"150\" align=\"left\" hspace=\"5\">&#8220;Marted\u00ec 28 novembre dallo scalo ferroviario interno allo stabilimento Acna di Cengio partir\u00e0 l&#8217;ultimo treno per la Germania con un carico di reflui salini essiccati&#8221;. E&#8217; il comunicato dell&#8217;ufficio stampa del Commissario delegato per lo stato di emergenza nel territorio di Cengio e Saliceto (il prefetto Giuseppe Romano). Dopo cent&#8217;anni di veleni la storia dell&#8217;Acna si \u00e8 finalmente chiusa? Purtroppo, no. Certe storie, si sa, non finiscono mai.<\/p>\n<p><!--more--><br \/>\nCi sono ancora molte cose da fare ricorda, con evidente preoccupazione, Nicola de Ruggiero, assessore all&#8217;ambiente della Regione Piemonte: sono stati svuotati i cosiddetti lagoons (lagunaggi), ma la bonifica dell&#8217;intera area, della valle e del fiume Bormida che pochi chilometri dopo Cengio entra, appunto, nel Piemonte, \u00e8 ben lontana da essere finita. La Regione Piemonte &#8211; aggiunge &#8211; deve assolutamente condividere con gli altri soggetti interessati il percorso da intraprendere.<br \/>\nLa preoccupazione per il destino dell&#8217;intera area riguarda anche il protocollo d&#8217;intesa firmato tra l&#8217;Eni, proprietaria dell&#8217;Acna, e la Regione Liguria il 26 luglio 2006 che prevede la vendita a Cengio Sviluppo, societ\u00e0 a capitale pubblico con Regione Liguria, Provincia di Savona e Comune di Cengio tra gli azionisti, degli immobili e dei terreni dell&#8217;ex Acna a un prezzo che dovr\u00e0 essere concordato entro la fine dell&#8217;anno. In quell&#8217;occasione Burlando dichiar\u00f2 che questi terreni saranno poi ceduti a imprese interessate ad avviare attivit\u00e0 compatibili con l&#8217;ambiente (<em>Il Sole 24 Ore<\/em>, 27 luglio 2006).<br \/>\nIl 20 novembre diverse associazioni ambientaliste del Piemonte si sono espresse con un comunicato contro questo accordo perch\u00e9: 1) prevede &#8220;testualmente che l&#8217;ENI non sar\u00e0, per nessun motivo, chiamata a rispondere di contaminazioni passate o future, che si evidenziassero successivamente al sesto anno dalla certificazione di avvenuta bonifica e addirittura questo termine temporale potr\u00e0 essere anticipato di quattro anni&#8221;; 2) ammette la possibilit\u00e0 che l&#8217;ENI trasferisca a Cengio Sviluppo l&#8217;attivit\u00e0 di presidio ecologico del sito che, \u00e8 bene rammentarlo, potrebbe durare anche centinaia di anni (&#8220;in questo modo l&#8217;ENI potrebbe finalmente riuscire a liberarsi del &#8220;bidone&#8221; Acna e, come se non bastasse, verr\u00e0 pure pagata&#8221;); 3) ignora il fatto che il sito di &#8220;Cengio e Saliceto&#8221; \u00e8 un sito di interesse nazionale, sul quale \u00e8 territorialmente competente anche la Regione Piemonte. (<a href=\"http:\/\/ilnostrogiornale.blogspot.com\/2006\/08\/comunicato-stampa-dell-associazione.html\">ilnostrogiornale.blogspot.com\/2006\/08\/comunicato-stampa-dell-associazione.html<\/a>).<br \/>\nStando cos\u00ec le cose, quella di Cengio \u00e8 una bonifica che a tutt&#8217;oggi non si sa quanto ancora coster\u00e0 e quando finir\u00e0. Ma si comincia a sospettare chi invece pagher\u00e0<br \/>\n<em>(Oscar Itzcovich) <\/em><\/p>\n","protected":false},"excerpt":{"rendered":"<p>&#8220;Marted\u00ec 28 novembre dallo scalo ferroviario interno allo stabilimento Acna di Cengio partir\u00e0 l&#8217;ultimo treno per la Germania con un carico di reflui salini essiccati&#8221;. E&#8217; il comunicato dell&#8217;ufficio stampa del Commissario delegato per lo stato di emergenza nel territorio di Cengio e Saliceto (il prefetto Giuseppe Romano). Dopo cent&#8217;anni di veleni la storia dell&#8217;Acna [&hellip;]<\/p>\n","protected":false},"author":1,"featured_media":0,"comment_status":"closed","ping_status":"closed","sticky":false,"template":"","format":"standard","meta":{"footnotes":""},"categories":[126,22],"tags":[],"class_list":["post-991","post","type-post","status-publish","format-standard","hentry","category-126","category-ambiente"],"_links":{"self":[{"href":"https:\/\/www.olinews.it\/mt\/index.php?rest_route=\/wp\/v2\/posts\/991","targetHints":{"allow":["GET"]}}],"collection":[{"href":"https:\/\/www.olinews.it\/mt\/index.php?rest_route=\/wp\/v2\/posts"}],"about":[{"href":"https:\/\/www.olinews.it\/mt\/index.php?rest_route=\/wp\/v2\/types\/post"}],"author":[{"embeddable":true,"href":"https:\/\/www.olinews.it\/mt\/index.php?rest_route=\/wp\/v2\/users\/1"}],"replies":[{"embeddable":true,"href":"https:\/\/www.olinews.it\/mt\/index.php?rest_route=%2Fwp%2Fv2%2Fcomments&post=991"}],"version-history":[{"count":0,"href":"https:\/\/www.olinews.it\/mt\/index.php?rest_route=\/wp\/v2\/posts\/991\/revisions"}],"wp:attachment":[{"href":"https:\/\/www.olinews.it\/mt\/index.php?rest_route=%2Fwp%2Fv2%2Fmedia&parent=991"}],"wp:term":[{"taxonomy":"category","embeddable":true,"href":"https:\/\/www.olinews.it\/mt\/index.php?rest_route=%2Fwp%2Fv2%2Fcategories&post=991"},{"taxonomy":"post_tag","embeddable":true,"href":"https:\/\/www.olinews.it\/mt\/index.php?rest_route=%2Fwp%2Fv2%2Ftags&post=991"}],"curies":[{"name":"wp","href":"https:\/\/api.w.org\/{rel}","templated":true}]}}