{"id":993,"date":"2006-12-06T11:10:55","date_gmt":"2006-12-06T11:10:55","guid":{"rendered":"http:\/\/www.comevedonoidaltonici.com\/wordpress\/?p=993"},"modified":"2006-12-06T11:10:55","modified_gmt":"2006-12-06T11:10:55","slug":"migranti2-un-nome-simbolo-di-repressione","status":"publish","type":"post","link":"https:\/\/www.olinews.it\/mt\/?p=993","title":{"rendered":"<em>Migranti\/2<\/em> &#8211; Un nome simbolo di repressione"},"content":{"rendered":"<p>Sabato 11 novembre, dalla manifestazione dei senegalesi, quando gi\u00e0 era giunta nei pressi di piazza De Ferrari dove si sarebbe conclusa, s&#8217;\u00e8 levato a lungo il grido d&#8217;un nome. Quello di un ispettore delle forze di polizia dai senegalesi giudicato un persecutore, nonch\u00e9 responsabile diretto dei gravi comportamenti denunciati nel loro volantino.<\/p>\n<p><!--more--><br \/>\nC&#8217;era anche dell&#8217;altro nella manifestazione: la questione dei permessi di soggiorno e della legge che disciplina i fenomeni migratori, i Cpt, il carcere, e la criminalizzazione cui \u00e8 continuamente esposta la vita degli immigrati. \u00c8 evidentemente questo quadro pi\u00f9 ampio ad essere messo in discussione. I dispositivi normativi e sociali che informano la vita dei migranti li costringono a gravitare ai margini del diritto, ai bordi della cittadinanza, in quella zona grigia dove il potere \u00e8 gi\u00e0 un ricatto con la sua presenza.<br \/>\nMa la manifestazione chiedeva specialmente la libert\u00e0 per il compagno provocato, aggredito e arrestato, gesti nel caso specifico ricondotti all&#8217;operato dell&#8217;ispettore di cui veniva urlato il nome. Non deve essere stato facile arrivare a tanto e proprio questo dovrebbe segnalare la situazione esasperata in cui si trovano a vivere gli immigrati a Genova.<br \/>\nLa manifestazione che ha preso le mosse dai fatti di via Pr\u00e9 sembra contenere in se due messaggi, di segno diverso. Da una parte il fatto che spesso le mobilitazioni sono legate ad emergenze contingenti, ad episodi che sembrano colmare la misura. Dall&#8217;altra la necessit\u00e0, per chi si occupa dei fenomeni migratori, specie se in una prospettiva politica, di conoscere la realt\u00e0 delle forme di repressione e il suo impatto sui modi di vita plurali e molteplici, anche all&#8217;interno delle stesse comunit\u00e0 di immigrati. Al momento la repressione non sembra ancora essersi tradotta in un fattore unificante del mondo dei migranti. Alla manifestazione infatti, nonostante i richiami ad una solidariet\u00e0 pi\u00f9 vasta, partecipavano soprattutto senegalesi<br \/>\n<em>(Jeff Quil) <\/em><\/p>\n","protected":false},"excerpt":{"rendered":"<p>Sabato 11 novembre, dalla manifestazione dei senegalesi, quando gi\u00e0 era giunta nei pressi di piazza De Ferrari dove si sarebbe conclusa, s&#8217;\u00e8 levato a lungo il grido d&#8217;un nome. Quello di un ispettore delle forze di polizia dai senegalesi giudicato un persecutore, nonch\u00e9 responsabile diretto dei gravi comportamenti denunciati nel loro volantino.<\/p>\n","protected":false},"author":1,"featured_media":0,"comment_status":"closed","ping_status":"closed","sticky":false,"template":"","format":"standard","meta":{"footnotes":""},"categories":[126,7],"tags":[],"class_list":["post-993","post","type-post","status-publish","format-standard","hentry","category-126","category-immigrazione"],"_links":{"self":[{"href":"https:\/\/www.olinews.it\/mt\/index.php?rest_route=\/wp\/v2\/posts\/993","targetHints":{"allow":["GET"]}}],"collection":[{"href":"https:\/\/www.olinews.it\/mt\/index.php?rest_route=\/wp\/v2\/posts"}],"about":[{"href":"https:\/\/www.olinews.it\/mt\/index.php?rest_route=\/wp\/v2\/types\/post"}],"author":[{"embeddable":true,"href":"https:\/\/www.olinews.it\/mt\/index.php?rest_route=\/wp\/v2\/users\/1"}],"replies":[{"embeddable":true,"href":"https:\/\/www.olinews.it\/mt\/index.php?rest_route=%2Fwp%2Fv2%2Fcomments&post=993"}],"version-history":[{"count":0,"href":"https:\/\/www.olinews.it\/mt\/index.php?rest_route=\/wp\/v2\/posts\/993\/revisions"}],"wp:attachment":[{"href":"https:\/\/www.olinews.it\/mt\/index.php?rest_route=%2Fwp%2Fv2%2Fmedia&parent=993"}],"wp:term":[{"taxonomy":"category","embeddable":true,"href":"https:\/\/www.olinews.it\/mt\/index.php?rest_route=%2Fwp%2Fv2%2Fcategories&post=993"},{"taxonomy":"post_tag","embeddable":true,"href":"https:\/\/www.olinews.it\/mt\/index.php?rest_route=%2Fwp%2Fv2%2Ftags&post=993"}],"curies":[{"name":"wp","href":"https:\/\/api.w.org\/{rel}","templated":true}]}}