{"id":994,"date":"2006-12-06T11:13:31","date_gmt":"2006-12-06T11:13:31","guid":{"rendered":"http:\/\/www.comevedonoidaltonici.com\/wordpress\/?p=994"},"modified":"2006-12-06T11:13:31","modified_gmt":"2006-12-06T11:13:31","slug":"migranti1-gli-schiavi-al-mercato-di-corso-sardegna","status":"publish","type":"post","link":"https:\/\/www.olinews.it\/mt\/?p=994","title":{"rendered":"<em>Migranti\/1<\/em> &#8211; Gli schiavi al mercato di corso Sardegna"},"content":{"rendered":"<p><img loading=\"lazy\" decoding=\"async\" src=\"http:\/\/www.olinews.it\/mt\/images\/immigraziones.jpg\" alt=\"\" height=\"150\" width=\"150\" align=\"left\" hspace=\"5\">Un&#8217;incursione rapida sulla stampa locale delle ultime settimane. Obiettivo: l&#8217;immigrazione, quali sono gli argomenti proposti dai media e come vengono restituiti, per tastare il polso alla situazione attuale, che, in base ai fatti recenti, pare particolarmente conflittuale. Ecco i risultati: 22 novembre, <em>Corriere Mercantile<\/em>: &#8220;Blitz contro i nuovi schiavi al mercato di frutta e verdura&#8221;. L&#8217;articolo fa riferimento ad un&#8217;operazione compiuta dai vigili urbani al mercato di Corso Sardegna, il cui risultato \u00e8 stato l&#8217;arresto di 15 marocchini. Cinque di essi, clandestini secondo la legge Bossi-Fini, avrebbero poi ricevuto, continua l&#8217;articolo, il decreto di espulsione, mentre sei fruttivendoli sarebbero stati colpiti dall&#8217;accusa di favoreggiamento dell&#8217;immigrazione clandestina. In coda viene accennato a come questa non sia la prima operazione del genere, ma sia stata anticipata da altre, di dimensioni pi\u00f9 imponenti, ad opera delle forze congiunte di polizia e vigili. Il titolo &#8220;Contro i nuovi schiavi&#8221;, indica l&#8217;oggetto dei blitz: sottopagati (5 o 10 euro a carico) e privi di uno statuto giuridico, criminalizzati dalla Bossi-Fini, i &#8220;clandestini&#8221; sono un ottimo bersaglio pi\u00f9 che vittime di soprusi bisognose di tutela. Non si trova traccia di questa notizia nel resto della cronaca locale.<\/p>\n<p><!--more--><br \/>\nTorna il <em>Corriere Mercantile<\/em>, 30 novembre, ad occuparsi dell&#8217;immigrazione, questa volta in relazione alla pubblica sicurezza: &#8220;Caricamento, notte di paura maxi rissa tra bande straniere&#8221;: la cronaca di una rissa tra &#8220;sei albanesi&#8221; e altri, &#8220;presumibilmente sudamericani&#8221;. Si ipotizza poi uno spostamento dello &#8220;scontro etnico&#8221; dalla Commenda a Caricamento. La notizia non compare altrove.<br \/>\nIn conclusione, <em>Secolo XIX<\/em> e <em>Repubblica-Lavoro<\/em> tacciono sull&#8217;argomento in queste ultime settimane. Le tematiche trattate, nei pochi casi presenti, si limitano alla mera cronaca o alla pubblica sicurezza. Uno spunto interessante, a scala nazionale, si legge invece su Metropoli, supplemento domenicale di Repubblica (Anno 1 Numero 37) &#8220;I diritti ridotti degli studenti come Nizar&#8221;: nella storia di un 22enne marocchino, si riflette la situazione di chi a 18 anni, al compimento dell&#8217;iter di scolastico in Italia, decide di frequentare l&#8217;universit\u00e0 e si trova ad essere &#8220;studente straniero&#8221;, senza la possibilit\u00e0 di avere la carta di soggiorno in quanto non produttore di reddito.<br \/>\nLa stampa locale per ora tace sui nodi pi\u00f9 complessi, come la tutela della fasce pi\u00f9 deboli e discriminate (&#8220;clandestini&#8221;) dal mercato della schiavit\u00f9, o la cosiddetta G2, seconda generazione cio\u00e8 i figli degli immigrati, gli italiani di domani.<br \/>\n<em>(Eleana Marullo) <\/em><\/p>\n","protected":false},"excerpt":{"rendered":"<p>Un&#8217;incursione rapida sulla stampa locale delle ultime settimane. Obiettivo: l&#8217;immigrazione, quali sono gli argomenti proposti dai media e come vengono restituiti, per tastare il polso alla situazione attuale, che, in base ai fatti recenti, pare particolarmente conflittuale. Ecco i risultati: 22 novembre, Corriere Mercantile: &#8220;Blitz contro i nuovi schiavi al mercato di frutta e verdura&#8221;. [&hellip;]<\/p>\n","protected":false},"author":1,"featured_media":0,"comment_status":"closed","ping_status":"closed","sticky":false,"template":"","format":"standard","meta":{"footnotes":""},"categories":[126,7],"tags":[],"class_list":["post-994","post","type-post","status-publish","format-standard","hentry","category-126","category-immigrazione"],"_links":{"self":[{"href":"https:\/\/www.olinews.it\/mt\/index.php?rest_route=\/wp\/v2\/posts\/994","targetHints":{"allow":["GET"]}}],"collection":[{"href":"https:\/\/www.olinews.it\/mt\/index.php?rest_route=\/wp\/v2\/posts"}],"about":[{"href":"https:\/\/www.olinews.it\/mt\/index.php?rest_route=\/wp\/v2\/types\/post"}],"author":[{"embeddable":true,"href":"https:\/\/www.olinews.it\/mt\/index.php?rest_route=\/wp\/v2\/users\/1"}],"replies":[{"embeddable":true,"href":"https:\/\/www.olinews.it\/mt\/index.php?rest_route=%2Fwp%2Fv2%2Fcomments&post=994"}],"version-history":[{"count":0,"href":"https:\/\/www.olinews.it\/mt\/index.php?rest_route=\/wp\/v2\/posts\/994\/revisions"}],"wp:attachment":[{"href":"https:\/\/www.olinews.it\/mt\/index.php?rest_route=%2Fwp%2Fv2%2Fmedia&parent=994"}],"wp:term":[{"taxonomy":"category","embeddable":true,"href":"https:\/\/www.olinews.it\/mt\/index.php?rest_route=%2Fwp%2Fv2%2Fcategories&post=994"},{"taxonomy":"post_tag","embeddable":true,"href":"https:\/\/www.olinews.it\/mt\/index.php?rest_route=%2Fwp%2Fv2%2Ftags&post=994"}],"curies":[{"name":"wp","href":"https:\/\/api.w.org\/{rel}","templated":true}]}}